{"id":3405,"date":"2024-08-05T11:44:13","date_gmt":"2024-08-05T16:44:13","guid":{"rendered":"https:\/\/pelileo.gob.ec\/portal\/?p=3405"},"modified":"2024-08-05T11:44:13","modified_gmt":"2024-08-05T16:44:13","slug":"75-anos-del-terremoto","status":"publish","type":"post","link":"https:\/\/pelileo.gob.ec\/v3\/75-anos-del-terremoto\/","title":{"rendered":"75 a\u00f1os del Terremoto"},"content":{"rendered":"\n<p>\ud835\ude40\ud835\ude68\ud835\ude69\ud835\ude5a 5 \ud835\ude59\ud835\ude5a \ud835\ude56\ud835\ude5c\ud835\ude64\ud835\ude68\ud835\ude69\ud835\ude64&nbsp;<img decoding=\"async\" height=\"16\" width=\"16\" alt=\"\ud83c\uddf9\ud83c\uddef\" src=\"https:\/\/static.xx.fbcdn.net\/images\/emoji.php\/v9\/tfa\/1\/16\/1f1f9_1f1ef.png\">, recordamos la tragedia del terremoto que devast\u00f3 nuestra ciudad, llev\u00e1ndose vidas y hogares. Sin embargo, tambi\u00e9n es un s\u00edmbolo de nuestra resiliencia y unidad. De las ruinas, hemos reconstruido una ciudad m\u00e1s fuerte y unida, valorando cada momento y so\u00f1ando con un futuro mejor.<br><a href=\"https:\/\/www.facebook.com\/hashtag\/pelileo?__eep__=6&amp;__cft__[0]=AZVpmnKicEENDzB6hqMWmRSxPjhBO_pQKKN6UWlvIfKm3u-_xDVwwP5OxNgKLxohJm2ZwKX_nb0xYUD2X0Lg3PKG_WWx0KBef9nAwHsHG6ntxK5l2fS9vQ4EaVf8p1cxBydt-eztZ6d9NPNnUk2XJf_unhn7-ItWw78JfzEMEsJQiKa7MFuH_B-h0-RF5c92G06hBYChy_uOGX7EdU5aeawj&amp;__tn__=*NK*F\">#Pelileo<\/a>&nbsp;se erige hoy como un faro de esperanza y progreso gracias a nuestra fortaleza y determinaci\u00f3n.<br>Son 75 a\u00f1os de rendir honrra a quienes nos han precedido brindandonos ese honor de ser y sentir a nuestro Pelileo Inmortal.<\/p>\n","protected":false},"excerpt":{"rendered":"<p>\ud835\ude40\ud835\ude68\ud835\ude69\ud835\ude5a 5 \ud835\ude59\ud835\ude5a \ud835\ude56\ud835\ude5c\ud835\ude64\ud835\ude68\ud835\ude69\ud835\ude64&nbsp;, recordamos la tragedia del terremoto que&hellip; <\/p>\n","protected":false},"author":1,"featured_media":3406,"comment_status":"open","ping_status":"closed","sticky":false,"template":"","format":"standard","meta":{"footnotes":""},"categories":[9],"tags":[],"class_list":["post-3405","post","type-post","status-publish","format-standard","has-post-thumbnail","hentry","category-slider"],"_links":{"self":[{"href":"https:\/\/pelileo.gob.ec\/v3\/wp-json\/wp\/v2\/posts\/3405","targetHints":{"allow":["GET"]}}],"collection":[{"href":"https:\/\/pelileo.gob.ec\/v3\/wp-json\/wp\/v2\/posts"}],"about":[{"href":"https:\/\/pelileo.gob.ec\/v3\/wp-json\/wp\/v2\/types\/post"}],"author":[{"embeddable":true,"href":"https:\/\/pelileo.gob.ec\/v3\/wp-json\/wp\/v2\/users\/1"}],"replies":[{"embeddable":true,"href":"https:\/\/pelileo.gob.ec\/v3\/wp-json\/wp\/v2\/comments?post=3405"}],"version-history":[{"count":1,"href":"https:\/\/pelileo.gob.ec\/v3\/wp-json\/wp\/v2\/posts\/3405\/revisions"}],"predecessor-version":[{"id":3407,"href":"https:\/\/pelileo.gob.ec\/v3\/wp-json\/wp\/v2\/posts\/3405\/revisions\/3407"}],"wp:featuredmedia":[{"embeddable":true,"href":"https:\/\/pelileo.gob.ec\/v3\/wp-json\/wp\/v2\/media\/3406"}],"wp:attachment":[{"href":"https:\/\/pelileo.gob.ec\/v3\/wp-json\/wp\/v2\/media?parent=3405"}],"wp:term":[{"taxonomy":"category","embeddable":true,"href":"https:\/\/pelileo.gob.ec\/v3\/wp-json\/wp\/v2\/categories?post=3405"},{"taxonomy":"post_tag","embeddable":true,"href":"https:\/\/pelileo.gob.ec\/v3\/wp-json\/wp\/v2\/tags?post=3405"}],"curies":[{"name":"wp","href":"https:\/\/api.w.org\/{rel}","templated":true}]}}