{"id":3441,"date":"2024-08-26T15:43:50","date_gmt":"2024-08-26T20:43:50","guid":{"rendered":"https:\/\/pelileo.gob.ec\/portal\/?p=3441"},"modified":"2024-08-26T15:43:50","modified_gmt":"2024-08-26T20:43:50","slug":"miss-ecuador-2024","status":"publish","type":"post","link":"https:\/\/pelileo.gob.ec\/v3\/miss-ecuador-2024\/","title":{"rendered":"Miss Ecuador 2024"},"content":{"rendered":"\n<p>Miss Ecuador 2024, hizo una memorable visita a <a href=\"https:\/\/www.facebook.com\/hashtag\/pelileo?__eep__=6&amp;__cft__[0]=AZWEt4bxYgVYTsmd95NMzRiaurQzFwdO9ZT9B2bJKS3m_6FrwbVmYyfmhdQHywm916PRWNnOU_ZcIbYAmGVQcA54HLvL2KEOAe8waSE4g8aZ-MKQcxC4GXRB6i_IjgkNxD8_4pvS1ASMvY0LbgpzDI6dsi1GKqsnhiMtUPl3QB9Sf8fS0BgPUNgJ7TcI1FDJyicBwxx60DLmExctXJ6pdEWA&amp;__tn__=*NK-R\">#Pelileo<\/a>, donde recibi\u00f3 la <a href=\"https:\/\/www.facebook.com\/hashtag\/llave?__eep__=6&amp;__cft__[0]=AZWEt4bxYgVYTsmd95NMzRiaurQzFwdO9ZT9B2bJKS3m_6FrwbVmYyfmhdQHywm916PRWNnOU_ZcIbYAmGVQcA54HLvL2KEOAe8waSE4g8aZ-MKQcxC4GXRB6i_IjgkNxD8_4pvS1ASMvY0LbgpzDI6dsi1GKqsnhiMtUPl3QB9Sf8fS0BgPUNgJ7TcI1FDJyicBwxx60DLmExctXJ6pdEWA&amp;__tn__=*NK-R\">#llave<\/a> de la Ciudad en una emotiva ceremonia. Este significativo reconocimiento desat\u00f3 la alegr\u00eda de miles de internautas, quienes siguieron con simpat\u00eda cada momento de su paso por el Municipio y el cant\u00f3n. La comunidad se uni\u00f3 en celebraci\u00f3n, destacando la importancia de este icono de la belleza, que no solo representa a Ecuador, sino tambi\u00e9n inspira a muchos con su carisma y compromiso. Fue un d\u00eda lleno de entusiasmo y orgullo, que dej\u00f3 una profunda impresi\u00f3n en todos los pelile\u00f1os.<\/p>\n","protected":false},"excerpt":{"rendered":"<p>Miss Ecuador 2024, hizo una memorable visita a #Pelileo, donde&hellip; <\/p>\n","protected":false},"author":1,"featured_media":3442,"comment_status":"open","ping_status":"closed","sticky":false,"template":"","format":"standard","meta":{"footnotes":""},"categories":[9],"tags":[],"class_list":["post-3441","post","type-post","status-publish","format-standard","has-post-thumbnail","hentry","category-slider"],"_links":{"self":[{"href":"https:\/\/pelileo.gob.ec\/v3\/wp-json\/wp\/v2\/posts\/3441","targetHints":{"allow":["GET"]}}],"collection":[{"href":"https:\/\/pelileo.gob.ec\/v3\/wp-json\/wp\/v2\/posts"}],"about":[{"href":"https:\/\/pelileo.gob.ec\/v3\/wp-json\/wp\/v2\/types\/post"}],"author":[{"embeddable":true,"href":"https:\/\/pelileo.gob.ec\/v3\/wp-json\/wp\/v2\/users\/1"}],"replies":[{"embeddable":true,"href":"https:\/\/pelileo.gob.ec\/v3\/wp-json\/wp\/v2\/comments?post=3441"}],"version-history":[{"count":1,"href":"https:\/\/pelileo.gob.ec\/v3\/wp-json\/wp\/v2\/posts\/3441\/revisions"}],"predecessor-version":[{"id":3443,"href":"https:\/\/pelileo.gob.ec\/v3\/wp-json\/wp\/v2\/posts\/3441\/revisions\/3443"}],"wp:featuredmedia":[{"embeddable":true,"href":"https:\/\/pelileo.gob.ec\/v3\/wp-json\/wp\/v2\/media\/3442"}],"wp:attachment":[{"href":"https:\/\/pelileo.gob.ec\/v3\/wp-json\/wp\/v2\/media?parent=3441"}],"wp:term":[{"taxonomy":"category","embeddable":true,"href":"https:\/\/pelileo.gob.ec\/v3\/wp-json\/wp\/v2\/categories?post=3441"},{"taxonomy":"post_tag","embeddable":true,"href":"https:\/\/pelileo.gob.ec\/v3\/wp-json\/wp\/v2\/tags?post=3441"}],"curies":[{"name":"wp","href":"https:\/\/api.w.org\/{rel}","templated":true}]}}