{"id":3453,"date":"2024-08-26T15:59:29","date_gmt":"2024-08-26T20:59:29","guid":{"rendered":"https:\/\/pelileo.gob.ec\/portal\/?p=3453"},"modified":"2024-08-26T15:59:29","modified_gmt":"2024-08-26T20:59:29","slug":"%f0%9d%97%a7%f0%9d%97%bf%f0%9d%97%ae%f0%9d%97%bb%f0%9d%98%80%f0%9d%97%b3%f0%9d%97%bc%f0%9d%97%bf%f0%9d%97%ba%f0%9d%97%ae%f0%9d%97%bb%f0%9d%97%b1%f0%9d%97%bc-%f0%9d%97%b9%f0%9d%97%ae%f0%9d%98%80","status":"publish","type":"post","link":"https:\/\/pelileo.gob.ec\/v3\/%f0%9d%97%a7%f0%9d%97%bf%f0%9d%97%ae%f0%9d%97%bb%f0%9d%98%80%f0%9d%97%b3%f0%9d%97%bc%f0%9d%97%bf%f0%9d%97%ba%f0%9d%97%ae%f0%9d%97%bb%f0%9d%97%b1%f0%9d%97%bc-%f0%9d%97%b9%f0%9d%97%ae%f0%9d%98%80\/","title":{"rendered":"\ud835\udde7\ud835\uddff\ud835\uddee\ud835\uddfb\ud835\ude00\ud835\uddf3\ud835\uddfc\ud835\uddff\ud835\uddfa\ud835\uddee\ud835\uddfb\ud835\uddf1\ud835\uddfc \ud835\uddf9\ud835\uddee\ud835\ude00 \ud835\uddee\ud835\ude02\ud835\uddf9\ud835\uddee\ud835\ude00 \ud835\uddf1\ud835\uddf2 \ud835\uddf9\ud835\uddfc\ud835\ude00 \ud835\uddfb\ud835\uddf6\u00f1\ud835\uddfc\ud835\ude00"},"content":{"rendered":"\n<p>El Gobierno Aut\u00f3nomo Descentralizado Municipal de <a href=\"https:\/\/www.facebook.com\/hashtag\/pelileo?__eep__=6&amp;__cft__[0]=AZVw8Ey8pSo-qk1nKOjm_8UN-3mDgh38quUWG3TDli-WEf7CQ-6mr_bZ8YmnmwryS13JP-Os8j4Ai2sEN-glG5C2w2n4TTz2jc1XfMnm_6Od9WKBHCTJaDCbj7Yu5Z9rj4Gr1GxsRa5PdcpwebRP1QMQJ69qG2qz2TzOdcyfCu6gfXctOzzJYsfX5Zxd6hF9XnBX3XLTQwKUUzpmbGyMUkOk&amp;__tn__=*NK-R\">#Pelileo<\/a>, se une al Distrito de Educaci\u00f3n y a los padres de familia para renovar los pisos de varias aulas, creando un entorno m\u00e1s seguro y c\u00f3modo. Este esfuerzo demuestra el compromiso de la comunidad con la educaci\u00f3n.<\/p>\n\n\n\n<p>\u00a1\ud835\udddf\ud835\uddfc\ud835\ude00 \ud835\ude01\ud835\uddff\ud835\uddee\ud835\uddef\ud835\uddee\ud835\uddf7\ud835\uddfc\ud835\ude00 \ud835\uddee\ud835\ude03\ud835\uddee\ud835\uddfb\ud835\ude07\ud835\uddee\ud835\uddfb \ud835\uddff\u00e1\ud835\uddfd\ud835\uddf6\ud835\uddf1\ud835\uddee\ud835\uddfa\ud835\uddf2\ud835\uddfb\ud835\ude01\ud835\uddf2!<\/p>\n","protected":false},"excerpt":{"rendered":"<p>El Gobierno Aut\u00f3nomo Descentralizado Municipal de #Pelileo, se une al&hellip; <\/p>\n","protected":false},"author":1,"featured_media":3454,"comment_status":"open","ping_status":"closed","sticky":false,"template":"","format":"standard","meta":{"footnotes":""},"categories":[9],"tags":[],"class_list":["post-3453","post","type-post","status-publish","format-standard","has-post-thumbnail","hentry","category-slider"],"_links":{"self":[{"href":"https:\/\/pelileo.gob.ec\/v3\/wp-json\/wp\/v2\/posts\/3453","targetHints":{"allow":["GET"]}}],"collection":[{"href":"https:\/\/pelileo.gob.ec\/v3\/wp-json\/wp\/v2\/posts"}],"about":[{"href":"https:\/\/pelileo.gob.ec\/v3\/wp-json\/wp\/v2\/types\/post"}],"author":[{"embeddable":true,"href":"https:\/\/pelileo.gob.ec\/v3\/wp-json\/wp\/v2\/users\/1"}],"replies":[{"embeddable":true,"href":"https:\/\/pelileo.gob.ec\/v3\/wp-json\/wp\/v2\/comments?post=3453"}],"version-history":[{"count":1,"href":"https:\/\/pelileo.gob.ec\/v3\/wp-json\/wp\/v2\/posts\/3453\/revisions"}],"predecessor-version":[{"id":3455,"href":"https:\/\/pelileo.gob.ec\/v3\/wp-json\/wp\/v2\/posts\/3453\/revisions\/3455"}],"wp:featuredmedia":[{"embeddable":true,"href":"https:\/\/pelileo.gob.ec\/v3\/wp-json\/wp\/v2\/media\/3454"}],"wp:attachment":[{"href":"https:\/\/pelileo.gob.ec\/v3\/wp-json\/wp\/v2\/media?parent=3453"}],"wp:term":[{"taxonomy":"category","embeddable":true,"href":"https:\/\/pelileo.gob.ec\/v3\/wp-json\/wp\/v2\/categories?post=3453"},{"taxonomy":"post_tag","embeddable":true,"href":"https:\/\/pelileo.gob.ec\/v3\/wp-json\/wp\/v2\/tags?post=3453"}],"curies":[{"name":"wp","href":"https:\/\/api.w.org\/{rel}","templated":true}]}}