{"id":3473,"date":"2024-09-16T11:35:14","date_gmt":"2024-09-16T16:35:14","guid":{"rendered":"https:\/\/pelileo.gob.ec\/portal\/?p=3473"},"modified":"2024-09-16T11:35:14","modified_gmt":"2024-09-16T16:35:14","slug":"%f0%9d%97%a3%f0%9d%97%b2%f0%9d%97%b9%f0%9d%97%b6%f0%9d%97%b9%f0%9d%97%b2%f0%9d%97%bc-%f0%9d%97%b3%f0%9d%97%bc%f0%9d%97%bf%f0%9d%98%81%f0%9d%97%ae%f0%9d%97%b9%f0%9d%97%b2%f0%9d%97%b0%f0%9d%97%b2","status":"publish","type":"post","link":"https:\/\/pelileo.gob.ec\/v3\/%f0%9d%97%a3%f0%9d%97%b2%f0%9d%97%b9%f0%9d%97%b6%f0%9d%97%b9%f0%9d%97%b2%f0%9d%97%bc-%f0%9d%97%b3%f0%9d%97%bc%f0%9d%97%bf%f0%9d%98%81%f0%9d%97%ae%f0%9d%97%b9%f0%9d%97%b2%f0%9d%97%b0%f0%9d%97%b2\/","title":{"rendered":"\ud835\udde3\ud835\uddf2\ud835\uddf9\ud835\uddf6\ud835\uddf9\ud835\uddf2\ud835\uddfc \ud835\uddf3\ud835\uddfc\ud835\uddff\ud835\ude01\ud835\uddee\ud835\uddf9\ud835\uddf2\ud835\uddf0\ud835\uddf2 \ud835\uddfd\ud835\uddff\ud835\uddfc\ud835\uddfa\ud835\uddfc\ud835\uddf0\ud835\uddf6\u00f3\ud835\uddfb \ud835\uddf0\ud835\uddfc\ud835\uddfa\ud835\uddfc \ud835\uddf1\ud835\uddf2\ud835\ude00\ud835\ude01\ud835\uddf6\ud835\uddfb\ud835\uddfc \ud835\ude01\ud835\ude02\ud835\uddff\u00ed\ud835\ude00\ud835\ude01\ud835\uddf6\ud835\uddf0\ud835\uddfc"},"content":{"rendered":"\n<p>Entre s\u00e1bado y domingo, Christian Norris destacada figura de la televisi\u00f3n nacional e internacional, visit\u00f3 <a href=\"https:\/\/www.facebook.com\/hashtag\/pelileo?__eep__=6&amp;__cft__[0]=AZXUTMxdsQYXzWDYe9XreWJenre8RMLkDNG41IGQ7iXIh1lLV0K3KpFxuZ7bfpqT2YbtoS1QH6ScDsCf3sDzFDCdlu6xi61tGGU7bRfDuBbSP7B-lIgKzeGuQj0vAJZ9zS6Ar3Q6Wln8FUX5o62Vz1PwyzsCWEDlM5PaDLUX0LOOzPgTl6pKy1mugmolLsP6gTdrEJSpJnDZ3461NI6S_9C7&amp;__tn__=*NK-R\">#Pelileo<\/a> con el objetivo de levantar informaci\u00f3n audiovisual sobre la riqueza cultural, gastron\u00f3mica, natural, artesanal y productiva de nuestro cant\u00f3n; a fin de \ud835\uddf3\ud835\uddfc\ud835\uddff\ud835\ude01\ud835\uddee\ud835\uddf9\ud835\uddf2\ud835\uddf0\ud835\uddf2\ud835\uddff \ud835\uddf9\ud835\uddee \ud835\uddfd\ud835\uddff\ud835\uddfc\ud835\uddfa\ud835\uddfc\ud835\uddf0\ud835\uddf6\u00f3\ud835\uddfb \ud835\ude01\ud835\ude02\ud835\uddff\u00ed\ud835\ude00\ud835\ude01\ud835\uddf6\ud835\uddf0\ud835\uddee \ud835\uddf1\ud835\uddf2 \ud835\udde3\ud835\uddf2\ud835\uddf9\ud835\uddf6\ud835\uddf9\ud835\uddf2\ud835\uddfc a escala nacional e <a><\/a>internacional.<\/p>\n\n\n\n<p>Nuestro alcalde Dr. <a href=\"https:\/\/www.facebook.com\/profile.php?id=100071174991895&amp;__cft__[0]=AZXUTMxdsQYXzWDYe9XreWJenre8RMLkDNG41IGQ7iXIh1lLV0K3KpFxuZ7bfpqT2YbtoS1QH6ScDsCf3sDzFDCdlu6xi61tGGU7bRfDuBbSP7B-lIgKzeGuQj0vAJZ9zS6Ar3Q6Wln8FUX5o62Vz1PwyzsCWEDlM5PaDLUX0LOOzPgTl6pKy1mugmolLsP6gTdrEJSpJnDZ3461NI6S_9C7&amp;__tn__=-]K-R\">Gabriel Zu\u00f1iga<\/a> acompa\u00f1\u00f3 este recorrido, formulando la invitaci\u00f3n a que visitantes del Ecuador y el mundo entero lleguen a la ciudad azul y disfruten de la hospitalidad de su gente y un mundo de emociones por descubrir.<\/p>\n","protected":false},"excerpt":{"rendered":"<p>Entre s\u00e1bado y domingo, Christian Norris destacada figura de la&hellip; <\/p>\n","protected":false},"author":1,"featured_media":3474,"comment_status":"open","ping_status":"closed","sticky":false,"template":"","format":"standard","meta":{"footnotes":""},"categories":[9],"tags":[],"class_list":["post-3473","post","type-post","status-publish","format-standard","has-post-thumbnail","hentry","category-slider"],"_links":{"self":[{"href":"https:\/\/pelileo.gob.ec\/v3\/wp-json\/wp\/v2\/posts\/3473","targetHints":{"allow":["GET"]}}],"collection":[{"href":"https:\/\/pelileo.gob.ec\/v3\/wp-json\/wp\/v2\/posts"}],"about":[{"href":"https:\/\/pelileo.gob.ec\/v3\/wp-json\/wp\/v2\/types\/post"}],"author":[{"embeddable":true,"href":"https:\/\/pelileo.gob.ec\/v3\/wp-json\/wp\/v2\/users\/1"}],"replies":[{"embeddable":true,"href":"https:\/\/pelileo.gob.ec\/v3\/wp-json\/wp\/v2\/comments?post=3473"}],"version-history":[{"count":1,"href":"https:\/\/pelileo.gob.ec\/v3\/wp-json\/wp\/v2\/posts\/3473\/revisions"}],"predecessor-version":[{"id":3475,"href":"https:\/\/pelileo.gob.ec\/v3\/wp-json\/wp\/v2\/posts\/3473\/revisions\/3475"}],"wp:featuredmedia":[{"embeddable":true,"href":"https:\/\/pelileo.gob.ec\/v3\/wp-json\/wp\/v2\/media\/3474"}],"wp:attachment":[{"href":"https:\/\/pelileo.gob.ec\/v3\/wp-json\/wp\/v2\/media?parent=3473"}],"wp:term":[{"taxonomy":"category","embeddable":true,"href":"https:\/\/pelileo.gob.ec\/v3\/wp-json\/wp\/v2\/categories?post=3473"},{"taxonomy":"post_tag","embeddable":true,"href":"https:\/\/pelileo.gob.ec\/v3\/wp-json\/wp\/v2\/tags?post=3473"}],"curies":[{"name":"wp","href":"https:\/\/api.w.org\/{rel}","templated":true}]}}