{"id":3476,"date":"2024-09-16T11:40:09","date_gmt":"2024-09-16T16:40:09","guid":{"rendered":"https:\/\/pelileo.gob.ec\/portal\/?p=3476"},"modified":"2024-09-16T11:40:09","modified_gmt":"2024-09-16T16:40:09","slug":"%f0%9d%97%96%f0%9d%97%a8%f0%9d%97%9c%f0%9d%97%97%f0%9d%97%98%f0%9d%97%a0%f0%9d%97%a2%f0%9d%97%a6-%f0%9d%97%98%f0%9d%97%9f-%f0%9d%97%94%f0%9d%97%9a%f0%9d%97%a8%f0%9d%97%94","status":"publish","type":"post","link":"https:\/\/pelileo.gob.ec\/v3\/%f0%9d%97%96%f0%9d%97%a8%f0%9d%97%9c%f0%9d%97%97%f0%9d%97%98%f0%9d%97%a0%f0%9d%97%a2%f0%9d%97%a6-%f0%9d%97%98%f0%9d%97%9f-%f0%9d%97%94%f0%9d%97%9a%f0%9d%97%a8%f0%9d%97%94\/","title":{"rendered":"\ud835\uddd6\ud835\udde8\ud835\udddc\ud835\uddd7\ud835\uddd8\ud835\udde0\ud835\udde2\ud835\udde6 \ud835\uddd8\ud835\udddf \ud835\uddd4\ud835\uddda\ud835\udde8\ud835\uddd4"},"content":{"rendered":"\n<p>El verano reinante en el pa\u00eds, m\u00e1s la rotura de un tramo de tuber\u00eda en la l\u00ednea de conducci\u00f3n emergente de agua desde la captaci\u00f3n de Jun Jun, generaron una disminuci\u00f3n en el caudal de agua y la p\u00e9rdida de presi\u00f3n. Personal de Agua Potable y Obras P\u00fablicas intervinieron oportunamente en el cambio de tuber\u00eda para que el servicio se normalice paulatinamente.<\/p>\n\n\n\n<p>Se solicita a la ciudadan\u00eda optimizar el uso del l\u00edquido vital en actividades muy <a><\/a>esenciales para evitar posibles desabastecimientos.<\/p>\n","protected":false},"excerpt":{"rendered":"<p>El verano reinante en el pa\u00eds, m\u00e1s la rotura de&hellip; <\/p>\n","protected":false},"author":1,"featured_media":3477,"comment_status":"open","ping_status":"closed","sticky":false,"template":"","format":"standard","meta":{"footnotes":""},"categories":[9],"tags":[],"class_list":["post-3476","post","type-post","status-publish","format-standard","has-post-thumbnail","hentry","category-slider"],"_links":{"self":[{"href":"https:\/\/pelileo.gob.ec\/v3\/wp-json\/wp\/v2\/posts\/3476","targetHints":{"allow":["GET"]}}],"collection":[{"href":"https:\/\/pelileo.gob.ec\/v3\/wp-json\/wp\/v2\/posts"}],"about":[{"href":"https:\/\/pelileo.gob.ec\/v3\/wp-json\/wp\/v2\/types\/post"}],"author":[{"embeddable":true,"href":"https:\/\/pelileo.gob.ec\/v3\/wp-json\/wp\/v2\/users\/1"}],"replies":[{"embeddable":true,"href":"https:\/\/pelileo.gob.ec\/v3\/wp-json\/wp\/v2\/comments?post=3476"}],"version-history":[{"count":1,"href":"https:\/\/pelileo.gob.ec\/v3\/wp-json\/wp\/v2\/posts\/3476\/revisions"}],"predecessor-version":[{"id":3478,"href":"https:\/\/pelileo.gob.ec\/v3\/wp-json\/wp\/v2\/posts\/3476\/revisions\/3478"}],"wp:featuredmedia":[{"embeddable":true,"href":"https:\/\/pelileo.gob.ec\/v3\/wp-json\/wp\/v2\/media\/3477"}],"wp:attachment":[{"href":"https:\/\/pelileo.gob.ec\/v3\/wp-json\/wp\/v2\/media?parent=3476"}],"wp:term":[{"taxonomy":"category","embeddable":true,"href":"https:\/\/pelileo.gob.ec\/v3\/wp-json\/wp\/v2\/categories?post=3476"},{"taxonomy":"post_tag","embeddable":true,"href":"https:\/\/pelileo.gob.ec\/v3\/wp-json\/wp\/v2\/tags?post=3476"}],"curies":[{"name":"wp","href":"https:\/\/api.w.org\/{rel}","templated":true}]}}