{"id":3507,"date":"2024-10-07T10:05:47","date_gmt":"2024-10-07T15:05:47","guid":{"rendered":"https:\/\/pelileo.gob.ec\/portal\/?p=3507"},"modified":"2024-10-07T10:05:47","modified_gmt":"2024-10-07T15:05:47","slug":"%f0%9d%97%98%f0%9d%97%bb-%f0%9d%97%ba%f0%9d%97%ae%f0%9d%97%bf%f0%9d%97%b0%f0%9d%97%b5%f0%9d%97%ae-%f0%9d%97%a3%f0%9d%97%b9%f0%9d%97%ae%f0%9d%97%bb-%f0%9d%97%b1%f0%9d%97%b2-%f0%9d%97%b3%f0%9d%97%bc","status":"publish","type":"post","link":"https:\/\/pelileo.gob.ec\/v3\/%f0%9d%97%98%f0%9d%97%bb-%f0%9d%97%ba%f0%9d%97%ae%f0%9d%97%bf%f0%9d%97%b0%f0%9d%97%b5%f0%9d%97%ae-%f0%9d%97%a3%f0%9d%97%b9%f0%9d%97%ae%f0%9d%97%bb-%f0%9d%97%b1%f0%9d%97%b2-%f0%9d%97%b3%f0%9d%97%bc\/","title":{"rendered":"\ud835\uddd8\ud835\uddfb \ud835\uddfa\ud835\uddee\ud835\uddff\ud835\uddf0\ud835\uddf5\ud835\uddee \u00ab\ud835\udde3\ud835\uddf9\ud835\uddee\ud835\uddfb \ud835\uddf1\ud835\uddf2 \ud835\uddf3\ud835\uddfc\ud835\uddff\ud835\ude01\ud835\uddee\ud835\uddf9\ud835\uddf2\ud835\uddf0\ud835\uddf6\ud835\uddfa\ud835\uddf6\ud835\uddf2\ud835\uddfb\ud835\ude01\ud835\uddfc \ud835\uddf1\ud835\uddf2 \ud835\uddf9\ud835\uddee\ud835\ude00 \ud835\udddd\ud835\ude02\ud835\uddfb\ud835\ude01\ud835\uddee\ud835\ude00 \ud835\uddf1\ud835\uddf2 \ud835\uddd4\ud835\uddf4\ud835\ude02\ud835\uddee\u00bb"},"content":{"rendered":"\n<p>Hoy compartimos una reuni\u00f3n de trabajo con los socios de la Junta Administradora de Agua Potable de la \ud835\udde5\ud835\uddf2\ud835\uddf4\ud835\uddf6\ud835\uddfc\ud835\uddfb\ud835\uddee\ud835\uddf9 \ud835\udde1\ud835\uddf6\ud835\ude01\u00f3\ud835\uddfb-\ud835\uddd6\ud835\uddf5\ud835\uddf6\ud835\uddfe\ud835\ude02\ud835\uddf6\ud835\uddf0\ud835\uddf5\ud835\uddee-\ud835\udde6\ud835\ude02\ud835\uddf0\ud835\uddff\ud835\uddf2, con el objetivo de coordinar acciones conjuntas para fortalecer la dotaci\u00f3n de agua segura a 10 comunidades de nuestro cant\u00f3n: Chumaqu\u00ed, Chambiato, Huayrapata, Chiquicha Chico , Condorahua, Sigual\u00f3, Chiquicha <a><\/a>Centro, Bautistaloma, Rumichaca Alto y Nit\u00f3n.<\/p>\n\n\n\n<p>El alcalde Dr. Gabriel Z\u00fa\u00f1iga, ratific\u00f3 el compromiso de la administraci\u00f3n municipal para garantizar que el l\u00edquido vital llegue en \u00f3ptimas condiciones, ya que es la \u00fanica manera de cuidar la salud de la poblaci\u00f3n y erradicar los \u00edndices de desnutrici\u00f3n infantil cr\u00f3nica de nuestra ni\u00f1ez, enfatiz\u00f3.<\/p>\n","protected":false},"excerpt":{"rendered":"<p>Hoy compartimos una reuni\u00f3n de trabajo con los socios de&hellip; <\/p>\n","protected":false},"author":1,"featured_media":3508,"comment_status":"open","ping_status":"closed","sticky":false,"template":"","format":"standard","meta":{"footnotes":""},"categories":[9],"tags":[],"class_list":["post-3507","post","type-post","status-publish","format-standard","has-post-thumbnail","hentry","category-slider"],"_links":{"self":[{"href":"https:\/\/pelileo.gob.ec\/v3\/wp-json\/wp\/v2\/posts\/3507","targetHints":{"allow":["GET"]}}],"collection":[{"href":"https:\/\/pelileo.gob.ec\/v3\/wp-json\/wp\/v2\/posts"}],"about":[{"href":"https:\/\/pelileo.gob.ec\/v3\/wp-json\/wp\/v2\/types\/post"}],"author":[{"embeddable":true,"href":"https:\/\/pelileo.gob.ec\/v3\/wp-json\/wp\/v2\/users\/1"}],"replies":[{"embeddable":true,"href":"https:\/\/pelileo.gob.ec\/v3\/wp-json\/wp\/v2\/comments?post=3507"}],"version-history":[{"count":1,"href":"https:\/\/pelileo.gob.ec\/v3\/wp-json\/wp\/v2\/posts\/3507\/revisions"}],"predecessor-version":[{"id":3509,"href":"https:\/\/pelileo.gob.ec\/v3\/wp-json\/wp\/v2\/posts\/3507\/revisions\/3509"}],"wp:featuredmedia":[{"embeddable":true,"href":"https:\/\/pelileo.gob.ec\/v3\/wp-json\/wp\/v2\/media\/3508"}],"wp:attachment":[{"href":"https:\/\/pelileo.gob.ec\/v3\/wp-json\/wp\/v2\/media?parent=3507"}],"wp:term":[{"taxonomy":"category","embeddable":true,"href":"https:\/\/pelileo.gob.ec\/v3\/wp-json\/wp\/v2\/categories?post=3507"},{"taxonomy":"post_tag","embeddable":true,"href":"https:\/\/pelileo.gob.ec\/v3\/wp-json\/wp\/v2\/tags?post=3507"}],"curies":[{"name":"wp","href":"https:\/\/api.w.org\/{rel}","templated":true}]}}