{"id":3532,"date":"2024-10-21T10:54:23","date_gmt":"2024-10-21T15:54:23","guid":{"rendered":"https:\/\/pelileo.gob.ec\/portal\/?p=3532"},"modified":"2024-10-21T10:55:57","modified_gmt":"2024-10-21T15:55:57","slug":"%f0%9d%97%a3%f0%9d%97%98%f0%9d%97%9f%f0%9d%97%9c%f0%9d%97%9f%f0%9d%97%98%f0%9d%97%a2-%f0%9d%97%a6%f0%9d%97%98-%f0%9d%97%9f%f0%9d%97%9f%f0%9d%97%98%f0%9d%97%a1o-%f0%9d%97%97%f0%9d%97%98-%f0%9d%97%94","status":"publish","type":"post","link":"https:\/\/pelileo.gob.ec\/v3\/%f0%9d%97%a3%f0%9d%97%98%f0%9d%97%9f%f0%9d%97%9c%f0%9d%97%9f%f0%9d%97%98%f0%9d%97%a2-%f0%9d%97%a6%f0%9d%97%98-%f0%9d%97%9f%f0%9d%97%9f%f0%9d%97%98%f0%9d%97%a1o-%f0%9d%97%97%f0%9d%97%98-%f0%9d%97%94\/","title":{"rendered":"\ud835\udde3\ud835\uddd8\ud835\udddf\ud835\udddc\ud835\udddf\ud835\uddd8\ud835\udde2 \ud835\udde6\ud835\uddd8 \ud835\udddf\ud835\udddf\ud835\uddd8\ud835\udde1\u00d3 \ud835\uddd7\ud835\uddd8 \ud835\uddd4\ud835\udde5\ud835\udde7\ud835\uddd8 \ud835\uddec \ud835\udde3\ud835\udde2\ud835\uddd8\ud835\udde6\u00cd\ud835\uddd4"},"content":{"rendered":"\n<p>En el Sal\u00f3n de la Ciudad, poetas de Rep\u00fablica Dominicana y Ecuador se reunieron con motivo del Primer \u201c\ud835\uddd8\ud835\uddfb\ud835\uddf0\ud835\ude02\ud835\uddf2\ud835\uddfb\ud835\ude01\ud835\uddff\ud835\uddfc \ud835\udde3\ud835\uddfc\u00e9\ud835\ude01\ud835\uddf6\ud835\uddf0\ud835\uddfc \ud835\udddc\ud835\uddfb\ud835\ude01\ud835\uddf2\ud835\uddff\ud835\uddfb\ud835\uddee\ud835\uddf0\ud835\uddf6\ud835\uddfc\ud835\uddfb\ud835\uddee\ud835\uddf9\u201d que gener\u00f3 un ambiente de sensibilidad y arte a trav\u00e9s de la magia de la palabra.<\/p>\n\n\n\n<p>\u201cEste tipo de eventos es un llamado a unirnos, a sentir y a so\u00f1ar juntos\u201d, destac\u00f3 la Dra. Geoconda Llerena, esposa del alcalde Dr. Gabriel Z\u00fa\u00f1iga, tras agradecer por la <a><\/a>presencia de tan ilustres visitantes en nuestro cant\u00f3n.<\/p>\n","protected":false},"excerpt":{"rendered":"<p>En el Sal\u00f3n de la Ciudad, poetas de Rep\u00fablica Dominicana&hellip; <\/p>\n","protected":false},"author":1,"featured_media":3533,"comment_status":"open","ping_status":"closed","sticky":false,"template":"","format":"standard","meta":{"footnotes":""},"categories":[9],"tags":[],"class_list":["post-3532","post","type-post","status-publish","format-standard","has-post-thumbnail","hentry","category-slider"],"_links":{"self":[{"href":"https:\/\/pelileo.gob.ec\/v3\/wp-json\/wp\/v2\/posts\/3532","targetHints":{"allow":["GET"]}}],"collection":[{"href":"https:\/\/pelileo.gob.ec\/v3\/wp-json\/wp\/v2\/posts"}],"about":[{"href":"https:\/\/pelileo.gob.ec\/v3\/wp-json\/wp\/v2\/types\/post"}],"author":[{"embeddable":true,"href":"https:\/\/pelileo.gob.ec\/v3\/wp-json\/wp\/v2\/users\/1"}],"replies":[{"embeddable":true,"href":"https:\/\/pelileo.gob.ec\/v3\/wp-json\/wp\/v2\/comments?post=3532"}],"version-history":[{"count":1,"href":"https:\/\/pelileo.gob.ec\/v3\/wp-json\/wp\/v2\/posts\/3532\/revisions"}],"predecessor-version":[{"id":3534,"href":"https:\/\/pelileo.gob.ec\/v3\/wp-json\/wp\/v2\/posts\/3532\/revisions\/3534"}],"wp:featuredmedia":[{"embeddable":true,"href":"https:\/\/pelileo.gob.ec\/v3\/wp-json\/wp\/v2\/media\/3533"}],"wp:attachment":[{"href":"https:\/\/pelileo.gob.ec\/v3\/wp-json\/wp\/v2\/media?parent=3532"}],"wp:term":[{"taxonomy":"category","embeddable":true,"href":"https:\/\/pelileo.gob.ec\/v3\/wp-json\/wp\/v2\/categories?post=3532"},{"taxonomy":"post_tag","embeddable":true,"href":"https:\/\/pelileo.gob.ec\/v3\/wp-json\/wp\/v2\/tags?post=3532"}],"curies":[{"name":"wp","href":"https:\/\/api.w.org\/{rel}","templated":true}]}}