{"id":3535,"date":"2024-10-21T11:03:54","date_gmt":"2024-10-21T16:03:54","guid":{"rendered":"https:\/\/pelileo.gob.ec\/portal\/?p=3535"},"modified":"2024-10-21T11:03:54","modified_gmt":"2024-10-21T16:03:54","slug":"%f0%9d%97%a3%f0%9d%97%b2%f0%9d%97%b9%f0%9d%97%b6%f0%9d%97%b9%f0%9d%97%b2%f0%9d%97%bc-%f0%9d%97%b2%f0%9d%98%80%f0%9d%98%81%f0%9d%98%82%f0%9d%98%83%f0%9d%97%bc-%f0%9d%97%bd%f0%9d%97%bf%f0%9d%97%b2","status":"publish","type":"post","link":"https:\/\/pelileo.gob.ec\/v3\/%f0%9d%97%a3%f0%9d%97%b2%f0%9d%97%b9%f0%9d%97%b6%f0%9d%97%b9%f0%9d%97%b2%f0%9d%97%bc-%f0%9d%97%b2%f0%9d%98%80%f0%9d%98%81%f0%9d%98%82%f0%9d%98%83%f0%9d%97%bc-%f0%9d%97%bd%f0%9d%97%bf%f0%9d%97%b2\/","title":{"rendered":"\ud835\udde3\ud835\uddf2\ud835\uddf9\ud835\uddf6\ud835\uddf9\ud835\uddf2\ud835\uddfc \ud835\uddf2\ud835\ude00\ud835\ude01\ud835\ude02\ud835\ude03\ud835\uddfc \ud835\uddfd\ud835\uddff\ud835\uddf2\ud835\ude00\ud835\uddf2\ud835\uddfb\ud835\ude01\ud835\uddf2 \ud835\uddf2\ud835\uddfb \ud835\uddf9\ud835\uddee \ud835\uddd4\ud835\ude00\ud835\uddee\ud835\uddfa\ud835\uddef\ud835\uddf9\ud835\uddf2\ud835\uddee \ud835\uddf1\ud835\uddf2 \ud835\uddf9\ud835\uddee \ud835\uddd4\ud835\udde0\ud835\uddd8"},"content":{"rendered":"\n<p>El alcalde Dr. Gabriel Z\u00fa\u00f1iga particip\u00f3 en la Asamblea General Ordinaria de la Asociaci\u00f3n de Municipalidades del Ecuador (AME), en la que abordaron temas encaminados a fortalecer el municipalismo en el pa\u00eds y establecieron importantes contactos de cooperaci\u00f3n interinstitucional, para generar proyectos en beneficio de la ciudadan\u00eda.<\/p>\n","protected":false},"excerpt":{"rendered":"<p>El alcalde Dr. Gabriel Z\u00fa\u00f1iga particip\u00f3 en la Asamblea General&hellip; <\/p>\n","protected":false},"author":1,"featured_media":3536,"comment_status":"closed","ping_status":"closed","sticky":false,"template":"","format":"standard","meta":{"footnotes":""},"categories":[9],"tags":[],"class_list":["post-3535","post","type-post","status-publish","format-standard","has-post-thumbnail","hentry","category-slider"],"_links":{"self":[{"href":"https:\/\/pelileo.gob.ec\/v3\/wp-json\/wp\/v2\/posts\/3535","targetHints":{"allow":["GET"]}}],"collection":[{"href":"https:\/\/pelileo.gob.ec\/v3\/wp-json\/wp\/v2\/posts"}],"about":[{"href":"https:\/\/pelileo.gob.ec\/v3\/wp-json\/wp\/v2\/types\/post"}],"author":[{"embeddable":true,"href":"https:\/\/pelileo.gob.ec\/v3\/wp-json\/wp\/v2\/users\/1"}],"replies":[{"embeddable":true,"href":"https:\/\/pelileo.gob.ec\/v3\/wp-json\/wp\/v2\/comments?post=3535"}],"version-history":[{"count":1,"href":"https:\/\/pelileo.gob.ec\/v3\/wp-json\/wp\/v2\/posts\/3535\/revisions"}],"predecessor-version":[{"id":3537,"href":"https:\/\/pelileo.gob.ec\/v3\/wp-json\/wp\/v2\/posts\/3535\/revisions\/3537"}],"wp:featuredmedia":[{"embeddable":true,"href":"https:\/\/pelileo.gob.ec\/v3\/wp-json\/wp\/v2\/media\/3536"}],"wp:attachment":[{"href":"https:\/\/pelileo.gob.ec\/v3\/wp-json\/wp\/v2\/media?parent=3535"}],"wp:term":[{"taxonomy":"category","embeddable":true,"href":"https:\/\/pelileo.gob.ec\/v3\/wp-json\/wp\/v2\/categories?post=3535"},{"taxonomy":"post_tag","embeddable":true,"href":"https:\/\/pelileo.gob.ec\/v3\/wp-json\/wp\/v2\/tags?post=3535"}],"curies":[{"name":"wp","href":"https:\/\/api.w.org\/{rel}","templated":true}]}}