{"id":3557,"date":"2024-10-30T09:13:52","date_gmt":"2024-10-30T14:13:52","guid":{"rendered":"https:\/\/pelileo.gob.ec\/portal\/?p=3557"},"modified":"2024-10-30T09:13:52","modified_gmt":"2024-10-30T14:13:52","slug":"%f0%9d%97%9f%f0%9d%97%b9%f0%9d%97%b2%f0%9d%97%b4%f0%9d%97%ae-%f0%9d%97%ae-%f0%9d%97%a3%f0%9d%97%b2%f0%9d%97%b9%f0%9d%97%b6%f0%9d%97%b9%f0%9d%97%b2%f0%9d%97%bc-%f0%9d%97%b9%f0%9d%97%ae-%f0%9d%97%ba","status":"publish","type":"post","link":"https:\/\/pelileo.gob.ec\/v3\/%f0%9d%97%9f%f0%9d%97%b9%f0%9d%97%b2%f0%9d%97%b4%f0%9d%97%ae-%f0%9d%97%ae-%f0%9d%97%a3%f0%9d%97%b2%f0%9d%97%b9%f0%9d%97%b6%f0%9d%97%b9%f0%9d%97%b2%f0%9d%97%bc-%f0%9d%97%b9%f0%9d%97%ae-%f0%9d%97%ba\/","title":{"rendered":"\ud835\udddf\ud835\uddf9\ud835\uddf2\ud835\uddf4\ud835\uddee \ud835\uddee \ud835\udde3\ud835\uddf2\ud835\uddf9\ud835\uddf6\ud835\uddf9\ud835\uddf2\ud835\uddfc \ud835\uddf9\ud835\uddee \ud835\uddfa\ud835\uddf2\ud835\uddf7\ud835\uddfc\ud835\uddff \ud835\uddfc\ud835\uddff\ud835\uddfe\ud835\ude02\ud835\uddf2\ud835\ude00\ud835\ude01\ud835\uddee \ud835\uddf1\ud835\uddf2\ud835\uddf9 \ud835\uddfd\ud835\uddee\u00ed\ud835\ude00"},"content":{"rendered":"\n<p>El ritmo y la alegr\u00eda de este feriado lo impone la orquesta \u201cSan Andr\u00e9s\u201d. Un show por todo lo alto que llenar\u00e1 tu vida de energ\u00eda y diversi\u00f3n; este 3 de noviembre en el Complejo tur\u00edstico \u201cLa Moya\u201d desde las 13h00.<\/p>\n\n\n\n<p><\/p>\n","protected":false},"excerpt":{"rendered":"<p>El ritmo y la alegr\u00eda de este feriado lo impone&hellip; <\/p>\n","protected":false},"author":1,"featured_media":3558,"comment_status":"closed","ping_status":"closed","sticky":false,"template":"","format":"standard","meta":{"footnotes":""},"categories":[9],"tags":[],"class_list":["post-3557","post","type-post","status-publish","format-standard","has-post-thumbnail","hentry","category-slider"],"_links":{"self":[{"href":"https:\/\/pelileo.gob.ec\/v3\/wp-json\/wp\/v2\/posts\/3557","targetHints":{"allow":["GET"]}}],"collection":[{"href":"https:\/\/pelileo.gob.ec\/v3\/wp-json\/wp\/v2\/posts"}],"about":[{"href":"https:\/\/pelileo.gob.ec\/v3\/wp-json\/wp\/v2\/types\/post"}],"author":[{"embeddable":true,"href":"https:\/\/pelileo.gob.ec\/v3\/wp-json\/wp\/v2\/users\/1"}],"replies":[{"embeddable":true,"href":"https:\/\/pelileo.gob.ec\/v3\/wp-json\/wp\/v2\/comments?post=3557"}],"version-history":[{"count":1,"href":"https:\/\/pelileo.gob.ec\/v3\/wp-json\/wp\/v2\/posts\/3557\/revisions"}],"predecessor-version":[{"id":3559,"href":"https:\/\/pelileo.gob.ec\/v3\/wp-json\/wp\/v2\/posts\/3557\/revisions\/3559"}],"wp:featuredmedia":[{"embeddable":true,"href":"https:\/\/pelileo.gob.ec\/v3\/wp-json\/wp\/v2\/media\/3558"}],"wp:attachment":[{"href":"https:\/\/pelileo.gob.ec\/v3\/wp-json\/wp\/v2\/media?parent=3557"}],"wp:term":[{"taxonomy":"category","embeddable":true,"href":"https:\/\/pelileo.gob.ec\/v3\/wp-json\/wp\/v2\/categories?post=3557"},{"taxonomy":"post_tag","embeddable":true,"href":"https:\/\/pelileo.gob.ec\/v3\/wp-json\/wp\/v2\/tags?post=3557"}],"curies":[{"name":"wp","href":"https:\/\/api.w.org\/{rel}","templated":true}]}}