{"id":3561,"date":"2024-11-08T10:01:29","date_gmt":"2024-11-08T15:01:29","guid":{"rendered":"https:\/\/pelileo.gob.ec\/portal\/?p=3561"},"modified":"2024-11-08T10:01:29","modified_gmt":"2024-11-08T15:01:29","slug":"%f0%9d%97%a0%f0%9d%98%82%f0%9d%97%bf%f0%9d%97%ae%f0%9d%97%b9%f0%9d%97%b2%f0%9d%98%80-%f0%9d%97%b2%f0%9d%97%ba%f0%9d%97%af%f0%9d%97%b2%f0%9d%97%b9%f0%9d%97%b9%f0%9d%97%b2%f0%9d%97%b0%f0%9d%97%b2","status":"publish","type":"post","link":"https:\/\/pelileo.gob.ec\/v3\/%f0%9d%97%a0%f0%9d%98%82%f0%9d%97%bf%f0%9d%97%ae%f0%9d%97%b9%f0%9d%97%b2%f0%9d%98%80-%f0%9d%97%b2%f0%9d%97%ba%f0%9d%97%af%f0%9d%97%b2%f0%9d%97%b9%f0%9d%97%b9%f0%9d%97%b2%f0%9d%97%b0%f0%9d%97%b2\/","title":{"rendered":"\ud835\udde0\ud835\ude02\ud835\uddff\ud835\uddee\ud835\uddf9\ud835\uddf2\ud835\ude00 \ud835\uddf2\ud835\uddfa\ud835\uddef\ud835\uddf2\ud835\uddf9\ud835\uddf9\ud835\uddf2\ud835\uddf0\ud835\uddf2\ud835\uddff\u00e1\ud835\uddfb \ud835\uddfb\ud835\ude02\ud835\uddf2\ud835\ude00\ud835\ude01\ud835\uddff\ud835\uddee \ud835\uddf0\ud835\uddf6\ud835\ude02\ud835\uddf1\ud835\uddee\ud835\uddf1"},"content":{"rendered":"\n<p>Mediante Rueda de Prensa, el alcalde Dr. <a href=\"https:\/\/www.facebook.com\/profile.php?id=100071174991895&amp;__cft__[0]=AZUkLYCp0MAW0B1R-CXCubTga0YQLRyZEV9iWoJztQ_ydmGj9nr3LPnL_SJDPsoLlGrHatfIoGsESAJp2HpxcZECtepKniqggda7BZkhtgqKc5kqsYZedWcy6cPinfpXj8plogzimmfrPVmFKDqLvjdj5DkAwNn11uO64ytFjdtJ84WgtLa0s9Btz2z0TnojpCU&amp;__tn__=-]K-R\">Gabriel Zu\u00f1iga<\/a>, anunci\u00f3 la realizaci\u00f3n del programa \u00ab\ud835\udde0\ud835\uddf2\ud835\uddf2\ud835\ude01\ud835\uddf6\ud835\uddfb\ud835\uddf4 \ud835\uddfc\ud835\uddf3 \ud835\udde6\ud835\ude01\ud835\ude06\ud835\uddf9\ud835\uddf2\ud835\ude00 \ud835\uddd8\ud835\uddf0\ud835\ude02\ud835\uddee\ud835\uddf1\ud835\uddfc\ud835\uddff\u00bb de manera conjunta con el colectivo \u00abAgentes de Cambio\u00bb, que permitir\u00e1 pintar 30 murales art\u00edsticos que dar\u00e1n vida y colorido a la zona urbana de <a href=\"https:\/\/www.facebook.com\/hashtag\/pelileo?__eep__=6&amp;__cft__[0]=AZUkLYCp0MAW0B1R-CXCubTga0YQLRyZEV9iWoJztQ_ydmGj9nr3LPnL_SJDPsoLlGrHatfIoGsESAJp2HpxcZECtepKniqggda7BZkhtgqKc5kqsYZedWcy6cPinfpXj8plogzimmfrPVmFKDqLvjdj5DkAwNn11uO64ytFjdtJ84WgtLa0s9Btz2z0TnojpCU&amp;__tn__=*NK-R\">#Pelileo<\/a>.<\/p>\n\n\n\n<p>Con este objetivo, los pr\u00f3ximos d\u00edas llegar\u00e1n a <a href=\"https:\/\/www.facebook.com\/hashtag\/pelileo?__eep__=6&amp;__cft__[0]=AZUkLYCp0MAW0B1R-CXCubTga0YQLRyZEV9iWoJztQ_ydmGj9nr3LPnL_SJDPsoLlGrHatfIoGsESAJp2HpxcZECtepKniqggda7BZkhtgqKc5kqsYZedWcy6cPinfpXj8plogzimmfrPVmFKDqLvjdj5DkAwNn11uO64ytFjdtJ84WgtLa0s9Btz2z0TnojpCU&amp;__tn__=*NK-R\">#Pelileo<\/a> artistas nacionales y extranjeros, quienes fomentar\u00e1n <a><\/a>la cultura y contribuir\u00e1n al ornato de la urbe, a trav\u00e9s de su trabajo.<\/p>\n","protected":false},"excerpt":{"rendered":"<p>Mediante Rueda de Prensa, el alcalde Dr. Gabriel Zu\u00f1iga, anunci\u00f3&hellip; <\/p>\n","protected":false},"author":1,"featured_media":3562,"comment_status":"closed","ping_status":"closed","sticky":false,"template":"","format":"standard","meta":{"footnotes":""},"categories":[9],"tags":[],"class_list":["post-3561","post","type-post","status-publish","format-standard","has-post-thumbnail","hentry","category-slider"],"_links":{"self":[{"href":"https:\/\/pelileo.gob.ec\/v3\/wp-json\/wp\/v2\/posts\/3561","targetHints":{"allow":["GET"]}}],"collection":[{"href":"https:\/\/pelileo.gob.ec\/v3\/wp-json\/wp\/v2\/posts"}],"about":[{"href":"https:\/\/pelileo.gob.ec\/v3\/wp-json\/wp\/v2\/types\/post"}],"author":[{"embeddable":true,"href":"https:\/\/pelileo.gob.ec\/v3\/wp-json\/wp\/v2\/users\/1"}],"replies":[{"embeddable":true,"href":"https:\/\/pelileo.gob.ec\/v3\/wp-json\/wp\/v2\/comments?post=3561"}],"version-history":[{"count":1,"href":"https:\/\/pelileo.gob.ec\/v3\/wp-json\/wp\/v2\/posts\/3561\/revisions"}],"predecessor-version":[{"id":3563,"href":"https:\/\/pelileo.gob.ec\/v3\/wp-json\/wp\/v2\/posts\/3561\/revisions\/3563"}],"wp:featuredmedia":[{"embeddable":true,"href":"https:\/\/pelileo.gob.ec\/v3\/wp-json\/wp\/v2\/media\/3562"}],"wp:attachment":[{"href":"https:\/\/pelileo.gob.ec\/v3\/wp-json\/wp\/v2\/media?parent=3561"}],"wp:term":[{"taxonomy":"category","embeddable":true,"href":"https:\/\/pelileo.gob.ec\/v3\/wp-json\/wp\/v2\/categories?post=3561"},{"taxonomy":"post_tag","embeddable":true,"href":"https:\/\/pelileo.gob.ec\/v3\/wp-json\/wp\/v2\/tags?post=3561"}],"curies":[{"name":"wp","href":"https:\/\/api.w.org\/{rel}","templated":true}]}}