{"id":3564,"date":"2024-11-08T10:03:15","date_gmt":"2024-11-08T15:03:15","guid":{"rendered":"https:\/\/pelileo.gob.ec\/portal\/?p=3564"},"modified":"2024-11-08T10:03:15","modified_gmt":"2024-11-08T15:03:15","slug":"%f0%9d%97%a6%f0%9d%97%b2-%f0%9d%98%83%f0%9d%97%b6%f0%9d%98%83%f0%9d%97%b2-%f0%9d%97%b2%f0%9d%97%b9-%f0%9d%97%99%f0%9d%97%b2%f0%9d%98%80%f0%9d%98%81%f0%9d%97%b6%f0%9d%98%83%f0%9d%97%ae%f0%9d%97%b9","status":"publish","type":"post","link":"https:\/\/pelileo.gob.ec\/v3\/%f0%9d%97%a6%f0%9d%97%b2-%f0%9d%98%83%f0%9d%97%b6%f0%9d%98%83%f0%9d%97%b2-%f0%9d%97%b2%f0%9d%97%b9-%f0%9d%97%99%f0%9d%97%b2%f0%9d%98%80%f0%9d%98%81%f0%9d%97%b6%f0%9d%98%83%f0%9d%97%ae%f0%9d%97%b9\/","title":{"rendered":"\ud835\udde6\ud835\uddf2 \ud835\ude03\ud835\uddf6\ud835\ude03\ud835\uddf2 \ud835\uddf2\ud835\uddf9 \ud835\uddd9\ud835\uddf2\ud835\ude00\ud835\ude01\ud835\uddf6\ud835\ude03\ud835\uddee\ud835\uddf9 \ud835\udde7\ud835\ude07\ud835\uddee\ud835\ude04\ud835\uddee\ud835\uddff \ud835\udde0\ud835\uddf6\ud835\ude00\ud835\uddf5\ud835\uddf8\ud835\uddf6 2024"},"content":{"rendered":"\n<p>Las manifestaciones art\u00edsticas del folclor, se re\u00fanen en el escenario del vig\u00e9simo sexto festival \u00abTzawar Mishki\u00bb a realizarse este 9 de noviembre en la Plaza del Arte del pueblo Salasaka.<\/p>\n\n\n\n<p><img decoding=\"async\" height=\"16\" width=\"16\" alt=\"\ud83d\udc49\" src=\"https:\/\/static.xx.fbcdn.net\/images\/emoji.php\/v9\/t51\/1\/16\/1f449.png\"> \u00a1\ud835\udde9\ud835\uddf2\ud835\uddfb \ud835\uddf0\ud835\uddfc\ud835\uddfb \ud835\ude01\ud835\uddfc\ud835\uddf1\ud835\uddee \ud835\ude01\ud835\ude02 \ud835\uddf3\ud835\uddee\ud835\uddfa\ud835\uddf6\ud835\uddf9\ud835\uddf6\ud835\uddee!<\/p>\n","protected":false},"excerpt":{"rendered":"<p>Las manifestaciones art\u00edsticas del folclor, se re\u00fanen en el escenario&hellip; <\/p>\n","protected":false},"author":1,"featured_media":3565,"comment_status":"closed","ping_status":"closed","sticky":false,"template":"","format":"standard","meta":{"footnotes":""},"categories":[9],"tags":[],"class_list":["post-3564","post","type-post","status-publish","format-standard","has-post-thumbnail","hentry","category-slider"],"_links":{"self":[{"href":"https:\/\/pelileo.gob.ec\/v3\/wp-json\/wp\/v2\/posts\/3564","targetHints":{"allow":["GET"]}}],"collection":[{"href":"https:\/\/pelileo.gob.ec\/v3\/wp-json\/wp\/v2\/posts"}],"about":[{"href":"https:\/\/pelileo.gob.ec\/v3\/wp-json\/wp\/v2\/types\/post"}],"author":[{"embeddable":true,"href":"https:\/\/pelileo.gob.ec\/v3\/wp-json\/wp\/v2\/users\/1"}],"replies":[{"embeddable":true,"href":"https:\/\/pelileo.gob.ec\/v3\/wp-json\/wp\/v2\/comments?post=3564"}],"version-history":[{"count":1,"href":"https:\/\/pelileo.gob.ec\/v3\/wp-json\/wp\/v2\/posts\/3564\/revisions"}],"predecessor-version":[{"id":3566,"href":"https:\/\/pelileo.gob.ec\/v3\/wp-json\/wp\/v2\/posts\/3564\/revisions\/3566"}],"wp:featuredmedia":[{"embeddable":true,"href":"https:\/\/pelileo.gob.ec\/v3\/wp-json\/wp\/v2\/media\/3565"}],"wp:attachment":[{"href":"https:\/\/pelileo.gob.ec\/v3\/wp-json\/wp\/v2\/media?parent=3564"}],"wp:term":[{"taxonomy":"category","embeddable":true,"href":"https:\/\/pelileo.gob.ec\/v3\/wp-json\/wp\/v2\/categories?post=3564"},{"taxonomy":"post_tag","embeddable":true,"href":"https:\/\/pelileo.gob.ec\/v3\/wp-json\/wp\/v2\/tags?post=3564"}],"curies":[{"name":"wp","href":"https:\/\/api.w.org\/{rel}","templated":true}]}}