{"id":3567,"date":"2024-11-08T10:06:18","date_gmt":"2024-11-08T15:06:18","guid":{"rendered":"https:\/\/pelileo.gob.ec\/portal\/?p=3567"},"modified":"2024-11-08T10:06:18","modified_gmt":"2024-11-08T15:06:18","slug":"%f0%9d%97%9a%f0%9d%97%bc%f0%9d%97%af%f0%9d%97%b6%f0%9d%97%b2%f0%9d%97%bf%f0%9d%97%bb%f0%9d%97%bc-%f0%9d%97%96%f0%9d%97%b2%f0%9d%97%bb%f0%9d%98%81%f0%9d%97%bf%f0%9d%97%ae%f0%9d%97%b9-%f0%9d%98%81","status":"publish","type":"post","link":"https:\/\/pelileo.gob.ec\/v3\/%f0%9d%97%9a%f0%9d%97%bc%f0%9d%97%af%f0%9d%97%b6%f0%9d%97%b2%f0%9d%97%bf%f0%9d%97%bb%f0%9d%97%bc-%f0%9d%97%96%f0%9d%97%b2%f0%9d%97%bb%f0%9d%98%81%f0%9d%97%bf%f0%9d%97%ae%f0%9d%97%b9-%f0%9d%98%81\/","title":{"rendered":"\ud835\uddda\ud835\uddfc\ud835\uddef\ud835\uddf6\ud835\uddf2\ud835\uddff\ud835\uddfb\ud835\uddfc \ud835\uddd6\ud835\uddf2\ud835\uddfb\ud835\ude01\ud835\uddff\ud835\uddee\ud835\uddf9 \ud835\ude01\ud835\uddff\ud835\uddee\ud835\uddfb\ud835\ude00\ud835\uddf3\ud835\uddf6\ud835\uddf2\ud835\uddff\ud835\uddf2 \ud835\uddff\ud835\uddf2\ud835\uddf0\ud835\ude02\ud835\uddff\ud835\ude00\ud835\uddfc\ud835\ude00 \ud835\uddee \ud835\uddda\ud835\uddfc\ud835\uddef\ud835\uddf6\ud835\uddf2\ud835\uddff\ud835\uddfb\ud835\uddfc\ud835\ude00 \ud835\uddf9\ud835\uddfc\ud835\uddf0\ud835\uddee\ud835\uddf9\ud835\uddf2\ud835\ude00"},"content":{"rendered":"\n<p>Hoy participamos en el evento de transferencia de 4 millones de d\u00f3lares por parte del Gobierno Nacional a trav\u00e9s del Banco de Desarrollo del Ecuador, hacia los Gobiernos Aut\u00f3nomos Descentralizados de las provincias de la Sierra Centro y Pastaza.<\/p>\n\n\n\n<p>El presidente de la Rep\u00fablica Daniel Noboa, se\u00f1al\u00f3 que mediante estos recursos, los diferentes Gobiernos locales podr\u00e1n <a><\/a>destinarlos para financiar proyectos de agua potable, alcantarillado, riego, vialidad, entre otros.<\/p>\n","protected":false},"excerpt":{"rendered":"<p>Hoy participamos en el evento de transferencia de 4 millones&hellip; <\/p>\n","protected":false},"author":1,"featured_media":3568,"comment_status":"closed","ping_status":"closed","sticky":false,"template":"","format":"standard","meta":{"footnotes":""},"categories":[9],"tags":[],"class_list":["post-3567","post","type-post","status-publish","format-standard","has-post-thumbnail","hentry","category-slider"],"_links":{"self":[{"href":"https:\/\/pelileo.gob.ec\/v3\/wp-json\/wp\/v2\/posts\/3567","targetHints":{"allow":["GET"]}}],"collection":[{"href":"https:\/\/pelileo.gob.ec\/v3\/wp-json\/wp\/v2\/posts"}],"about":[{"href":"https:\/\/pelileo.gob.ec\/v3\/wp-json\/wp\/v2\/types\/post"}],"author":[{"embeddable":true,"href":"https:\/\/pelileo.gob.ec\/v3\/wp-json\/wp\/v2\/users\/1"}],"replies":[{"embeddable":true,"href":"https:\/\/pelileo.gob.ec\/v3\/wp-json\/wp\/v2\/comments?post=3567"}],"version-history":[{"count":1,"href":"https:\/\/pelileo.gob.ec\/v3\/wp-json\/wp\/v2\/posts\/3567\/revisions"}],"predecessor-version":[{"id":3569,"href":"https:\/\/pelileo.gob.ec\/v3\/wp-json\/wp\/v2\/posts\/3567\/revisions\/3569"}],"wp:featuredmedia":[{"embeddable":true,"href":"https:\/\/pelileo.gob.ec\/v3\/wp-json\/wp\/v2\/media\/3568"}],"wp:attachment":[{"href":"https:\/\/pelileo.gob.ec\/v3\/wp-json\/wp\/v2\/media?parent=3567"}],"wp:term":[{"taxonomy":"category","embeddable":true,"href":"https:\/\/pelileo.gob.ec\/v3\/wp-json\/wp\/v2\/categories?post=3567"},{"taxonomy":"post_tag","embeddable":true,"href":"https:\/\/pelileo.gob.ec\/v3\/wp-json\/wp\/v2\/tags?post=3567"}],"curies":[{"name":"wp","href":"https:\/\/api.w.org\/{rel}","templated":true}]}}