{"id":3573,"date":"2024-11-08T10:10:06","date_gmt":"2024-11-08T15:10:06","guid":{"rendered":"https:\/\/pelileo.gob.ec\/portal\/?p=3573"},"modified":"2024-11-08T10:10:06","modified_gmt":"2024-11-08T15:10:06","slug":"%f0%9d%97%95%f0%9d%98%82%f0%9d%97%b2%f0%9d%97%bb%f0%9d%97%ae%f0%9d%98%80-%f0%9d%97%bb%f0%9d%97%bc%f0%9d%98%81%f0%9d%97%b6%f0%9d%97%b0%f0%9d%97%b6%f0%9d%97%ae%f0%9d%98%80-%f0%9d%97%bd%f0%9d%97%ae","status":"publish","type":"post","link":"https:\/\/pelileo.gob.ec\/v3\/%f0%9d%97%95%f0%9d%98%82%f0%9d%97%b2%f0%9d%97%bb%f0%9d%97%ae%f0%9d%98%80-%f0%9d%97%bb%f0%9d%97%bc%f0%9d%98%81%f0%9d%97%b6%f0%9d%97%b0%f0%9d%97%b6%f0%9d%97%ae%f0%9d%98%80-%f0%9d%97%bd%f0%9d%97%ae\/","title":{"rendered":"\ud835\uddd5\ud835\ude02\ud835\uddf2\ud835\uddfb\ud835\uddee\ud835\ude00 \ud835\uddfb\ud835\uddfc\ud835\ude01\ud835\uddf6\ud835\uddf0\ud835\uddf6\ud835\uddee\ud835\ude00 \ud835\uddfd\ud835\uddee\ud835\uddff\ud835\uddee \ud835\uddf2\ud835\uddf9 \ud835\udde0\ud835\uddf2\ud835\uddff\ud835\uddf0\ud835\uddee\ud835\uddf1\ud835\uddfc \ud835\udde5\ud835\uddf2\ud835\uddfd\u00fa\ud835\uddef\ud835\uddf9\ud835\uddf6\ud835\uddf0\ud835\uddee \ud835\uddf1\ud835\uddf2 \ud835\uddd4\ud835\uddff\ud835\uddf4\ud835\uddf2\ud835\uddfb\ud835\ude01\ud835\uddf6\ud835\uddfb\ud835\uddee"},"content":{"rendered":"\n<p>M\u00e1s de 130 mil d\u00f3lares, invertir\u00e1 el GAD municipal de Pelileo para intervenir en el mejoramiento de varias \u00e1reas del mercado Rep\u00fablica de Argentina, anunci\u00f3 el Director de Planificaci\u00f3n Christian Ram\u00edrez en una reuni\u00f3n de trabajo con los comerciantes de los diferentes giros de negocios de este espacio de expendio.<\/p>\n\n\n\n<p>As\u00ed tambi\u00e9n se conoci\u00f3 que en los pr\u00f3ximos d\u00edas este mercado <a><\/a>ser\u00eda visitado por el Ministro de Turismo y su equipo t\u00e9cnico, a fin de que este espacio sea parte del programa \u201c\ud835\udde0\ud835\uddf2\ud835\uddff\ud835\uddf0\ud835\uddee\ud835\uddf1\ud835\uddfc\ud835\ude00 \ud835\uddda\ud835\uddee\ud835\ude00\ud835\ude01\ud835\uddff\ud835\uddfc\ud835\uddfb\u00f3\ud835\uddfa\ud835\uddf6\ud835\uddf0\ud835\uddfc\ud835\ude00\u201d que lleva a cabo esta cartera de Estado, lo que representa varios beneficios como promoci\u00f3n a escala nacional, capacitaci\u00f3n, fortalecimiento socio organizativo, inform\u00f3 Dennis Medina, Analista de Turismo.<\/p>\n","protected":false},"excerpt":{"rendered":"<p>M\u00e1s de 130 mil d\u00f3lares, invertir\u00e1 el GAD municipal de&hellip; <\/p>\n","protected":false},"author":1,"featured_media":3574,"comment_status":"closed","ping_status":"closed","sticky":false,"template":"","format":"standard","meta":{"footnotes":""},"categories":[9],"tags":[],"class_list":["post-3573","post","type-post","status-publish","format-standard","has-post-thumbnail","hentry","category-slider"],"_links":{"self":[{"href":"https:\/\/pelileo.gob.ec\/v3\/wp-json\/wp\/v2\/posts\/3573","targetHints":{"allow":["GET"]}}],"collection":[{"href":"https:\/\/pelileo.gob.ec\/v3\/wp-json\/wp\/v2\/posts"}],"about":[{"href":"https:\/\/pelileo.gob.ec\/v3\/wp-json\/wp\/v2\/types\/post"}],"author":[{"embeddable":true,"href":"https:\/\/pelileo.gob.ec\/v3\/wp-json\/wp\/v2\/users\/1"}],"replies":[{"embeddable":true,"href":"https:\/\/pelileo.gob.ec\/v3\/wp-json\/wp\/v2\/comments?post=3573"}],"version-history":[{"count":1,"href":"https:\/\/pelileo.gob.ec\/v3\/wp-json\/wp\/v2\/posts\/3573\/revisions"}],"predecessor-version":[{"id":3575,"href":"https:\/\/pelileo.gob.ec\/v3\/wp-json\/wp\/v2\/posts\/3573\/revisions\/3575"}],"wp:featuredmedia":[{"embeddable":true,"href":"https:\/\/pelileo.gob.ec\/v3\/wp-json\/wp\/v2\/media\/3574"}],"wp:attachment":[{"href":"https:\/\/pelileo.gob.ec\/v3\/wp-json\/wp\/v2\/media?parent=3573"}],"wp:term":[{"taxonomy":"category","embeddable":true,"href":"https:\/\/pelileo.gob.ec\/v3\/wp-json\/wp\/v2\/categories?post=3573"},{"taxonomy":"post_tag","embeddable":true,"href":"https:\/\/pelileo.gob.ec\/v3\/wp-json\/wp\/v2\/tags?post=3573"}],"curies":[{"name":"wp","href":"https:\/\/api.w.org\/{rel}","templated":true}]}}