{"id":3603,"date":"2024-11-19T09:06:18","date_gmt":"2024-11-19T14:06:18","guid":{"rendered":"https:\/\/pelileo.gob.ec\/portal\/?p=3603"},"modified":"2024-11-19T09:06:18","modified_gmt":"2024-11-19T14:06:18","slug":"%f0%9d%97%98%f0%9d%97%b9-%f0%9d%97%ae%f0%9d%97%bf%f0%9d%98%81%f0%9d%97%b2-%f0%9d%97%b2%f0%9d%97%bb%f0%9d%97%b4%f0%9d%97%ae%f0%9d%97%b9%f0%9d%97%ae%f0%9d%97%bb%f0%9d%97%ae-%f0%9d%97%b9%f0%9d%97%ae","status":"publish","type":"post","link":"https:\/\/pelileo.gob.ec\/v3\/%f0%9d%97%98%f0%9d%97%b9-%f0%9d%97%ae%f0%9d%97%bf%f0%9d%98%81%f0%9d%97%b2-%f0%9d%97%b2%f0%9d%97%bb%f0%9d%97%b4%f0%9d%97%ae%f0%9d%97%b9%f0%9d%97%ae%f0%9d%97%bb%f0%9d%97%ae-%f0%9d%97%b9%f0%9d%97%ae\/","title":{"rendered":"\ud835\uddd8\ud835\uddf9 \ud835\uddee\ud835\uddff\ud835\ude01\ud835\uddf2 \ud835\uddf2\ud835\uddfb\ud835\uddf4\ud835\uddee\ud835\uddf9\ud835\uddee\ud835\uddfb\ud835\uddee \ud835\uddf9\ud835\uddee \ud835\uddf0\ud835\uddee\ud835\uddf9\ud835\uddf9\ud835\uddf2 \ud835\udde3\ud835\uddf2\ud835\uddf1\ud835\uddff\ud835\uddfc \ud835\udde9\ud835\uddf6\ud835\uddf0\ud835\uddf2\ud835\uddfb\ud835\ude01\ud835\uddf2 \ud835\udde0\ud835\uddee\ud835\uddf9\ud835\uddf1\ud835\uddfc\ud835\uddfb\ud835\uddee\ud835\uddf1\ud835\uddfc"},"content":{"rendered":"\n<p>El GAD Municipal de <a href=\"https:\/\/www.facebook.com\/hashtag\/pelileo?__eep__=6&amp;__cft__[0]=AZUGXnXLAKdn5dl7fn8kbhH6c6xdO4FCJtg7Q-DVfKKcnTEvFobG9wKLbU5H4PkvycSEUmsFxPd8iqu0bJYyuZsPfFO-Ml5PsAaGGXGIh8gAVmZgGo1y-3FhlcZ5yPK3ixuBn2hXTTeZddN2JLtw76M-pAET3CJjSY-w_tIycEkEkq_XLdPwYy8Osht6yCJyFIM&amp;__tn__=*NK-R\">#Pelileo<\/a> fortalece las actividades art\u00edsticas y culturales en nuestro cant\u00f3n, a trav\u00e9s de la decoraci\u00f3n de la pared de la calle Pedro Vicente Maldonado mediante dise\u00f1os de arte urbano decorativos sobre diferente tem\u00e1tica, creados por artistas de Pelileo y de varios pa\u00edses del mundo.<\/p>\n\n\n\n<p>Este trabajo es parte del programa \u201cMeeting of styles\u201d, que tiene por objeto <a><\/a>recuperar espacios y contribuir al ornato de la ciudad a trav\u00e9s del arte del graffity, por ello, el alcalde Dr. Gabriel Z\u00fa\u00f1iga, invita a la ciudadan\u00eda a visitarlo y sobre todo a cuidarlo para que cumpla su objetivo.<\/p>\n","protected":false},"excerpt":{"rendered":"<p>El GAD Municipal de #Pelileo fortalece las actividades art\u00edsticas y&hellip; <\/p>\n","protected":false},"author":1,"featured_media":3604,"comment_status":"closed","ping_status":"closed","sticky":false,"template":"","format":"standard","meta":{"footnotes":""},"categories":[9],"tags":[],"class_list":["post-3603","post","type-post","status-publish","format-standard","has-post-thumbnail","hentry","category-slider"],"_links":{"self":[{"href":"https:\/\/pelileo.gob.ec\/v3\/wp-json\/wp\/v2\/posts\/3603","targetHints":{"allow":["GET"]}}],"collection":[{"href":"https:\/\/pelileo.gob.ec\/v3\/wp-json\/wp\/v2\/posts"}],"about":[{"href":"https:\/\/pelileo.gob.ec\/v3\/wp-json\/wp\/v2\/types\/post"}],"author":[{"embeddable":true,"href":"https:\/\/pelileo.gob.ec\/v3\/wp-json\/wp\/v2\/users\/1"}],"replies":[{"embeddable":true,"href":"https:\/\/pelileo.gob.ec\/v3\/wp-json\/wp\/v2\/comments?post=3603"}],"version-history":[{"count":1,"href":"https:\/\/pelileo.gob.ec\/v3\/wp-json\/wp\/v2\/posts\/3603\/revisions"}],"predecessor-version":[{"id":3605,"href":"https:\/\/pelileo.gob.ec\/v3\/wp-json\/wp\/v2\/posts\/3603\/revisions\/3605"}],"wp:featuredmedia":[{"embeddable":true,"href":"https:\/\/pelileo.gob.ec\/v3\/wp-json\/wp\/v2\/media\/3604"}],"wp:attachment":[{"href":"https:\/\/pelileo.gob.ec\/v3\/wp-json\/wp\/v2\/media?parent=3603"}],"wp:term":[{"taxonomy":"category","embeddable":true,"href":"https:\/\/pelileo.gob.ec\/v3\/wp-json\/wp\/v2\/categories?post=3603"},{"taxonomy":"post_tag","embeddable":true,"href":"https:\/\/pelileo.gob.ec\/v3\/wp-json\/wp\/v2\/tags?post=3603"}],"curies":[{"name":"wp","href":"https:\/\/api.w.org\/{rel}","templated":true}]}}