{"id":3613,"date":"2024-11-25T11:11:42","date_gmt":"2024-11-25T16:11:42","guid":{"rendered":"https:\/\/pelileo.gob.ec\/portal\/?p=3613"},"modified":"2024-11-25T11:11:42","modified_gmt":"2024-11-25T16:11:42","slug":"%f0%9d%97%a6%f0%9d%97%b2-%f0%9d%97%b3%f0%9d%97%bc%f0%9d%97%bf%f0%9d%98%81%f0%9d%97%ae%f0%9d%97%b9%f0%9d%97%b2%f0%9d%97%b0%f0%9d%97%b2-%f0%9d%97%b9%f0%9d%97%ae-%f0%9d%97%b6%f0%9d%97%bb%f0%9d%97%b3","status":"publish","type":"post","link":"https:\/\/pelileo.gob.ec\/v3\/%f0%9d%97%a6%f0%9d%97%b2-%f0%9d%97%b3%f0%9d%97%bc%f0%9d%97%bf%f0%9d%98%81%f0%9d%97%ae%f0%9d%97%b9%f0%9d%97%b2%f0%9d%97%b0%f0%9d%97%b2-%f0%9d%97%b9%f0%9d%97%ae-%f0%9d%97%b6%f0%9d%97%bb%f0%9d%97%b3\/","title":{"rendered":"\ud835\udde6\ud835\uddf2 \ud835\uddf3\ud835\uddfc\ud835\uddff\ud835\ude01\ud835\uddee\ud835\uddf9\ud835\uddf2\ud835\uddf0\ud835\uddf2 \ud835\uddf9\ud835\uddee \ud835\uddf6\ud835\uddfb\ud835\uddf3\ud835\uddff\ud835\uddee\ud835\uddf2\ud835\ude00\ud835\ude01\ud835\uddff\ud835\ude02\ud835\uddf0\ud835\ude01\ud835\ude02\ud835\uddff\ud835\uddee \ud835\uddf1\ud835\uddf2\ud835\uddfd\ud835\uddfc\ud835\uddff\ud835\ude01\ud835\uddf6\ud835\ude03\ud835\uddee \ud835\uddf2\ud835\uddfb \ud835\udde6\ud835\uddee\ud835\uddf9\ud835\uddee\ud835\ude00\ud835\uddee\ud835\uddf8\ud835\uddee"},"content":{"rendered":"\n<p>En un ambiente de emoci\u00f3n y esperanza, se coloc\u00f3 la primera piedra para la construcci\u00f3n de bater\u00edas sanitarias y camerinos para el estadio de la comunidad Wamanloma de la parroquia <a href=\"https:\/\/www.facebook.com\/hashtag\/salasaka?__eep__=6&amp;__cft__[0]=AZXmNDhuXQvnGQQjsxtzvKd8juUJqXVjb4AHaYecwhSuW9ETuHbXO6GTGPMpXj4I2a9gjlVq0d2Pns9rRX4lDnmK0uQpHVxi7914cZEUpGjUgkJhv6bbMnhpDlJ3uxjmh3kEuwYT7L2EaBuRuTuKTrtYJq_Nm7-U4JZSvcB33AyBQHpDg_1nr0HpyoxJAlS5gP4&amp;__tn__=*NK-R\">#Salasaka<\/a>.<\/p>\n\n\n\n<p>\u00abMejorar la infraestructura deportiva en las comunidades, permite brindar espacios dignos y seguros a nuestros ni\u00f1os y j\u00f3venes para incentivar la pr\u00e1ctica deportiva\u00bb, mencion\u00f3 el <a><\/a>alcalde Dr. <a href=\"https:\/\/www.facebook.com\/profile.php?id=100071174991895&amp;__cft__[0]=AZXmNDhuXQvnGQQjsxtzvKd8juUJqXVjb4AHaYecwhSuW9ETuHbXO6GTGPMpXj4I2a9gjlVq0d2Pns9rRX4lDnmK0uQpHVxi7914cZEUpGjUgkJhv6bbMnhpDlJ3uxjmh3kEuwYT7L2EaBuRuTuKTrtYJq_Nm7-U4JZSvcB33AyBQHpDg_1nr0HpyoxJAlS5gP4&amp;__tn__=-]K-R\">Gabriel Zu\u00f1iga<\/a>, al momento de recordar que la administraci\u00f3n municipal mantiene su compromiso de trabajar para mejorar las condiciones de vida de la ciudadan\u00eda, tanto en la zona urbana como rural.<\/p>\n","protected":false},"excerpt":{"rendered":"<p>En un ambiente de emoci\u00f3n y esperanza, se coloc\u00f3 la&hellip; <\/p>\n","protected":false},"author":1,"featured_media":3614,"comment_status":"closed","ping_status":"closed","sticky":false,"template":"","format":"standard","meta":{"footnotes":""},"categories":[9],"tags":[],"class_list":["post-3613","post","type-post","status-publish","format-standard","has-post-thumbnail","hentry","category-slider"],"_links":{"self":[{"href":"https:\/\/pelileo.gob.ec\/v3\/wp-json\/wp\/v2\/posts\/3613","targetHints":{"allow":["GET"]}}],"collection":[{"href":"https:\/\/pelileo.gob.ec\/v3\/wp-json\/wp\/v2\/posts"}],"about":[{"href":"https:\/\/pelileo.gob.ec\/v3\/wp-json\/wp\/v2\/types\/post"}],"author":[{"embeddable":true,"href":"https:\/\/pelileo.gob.ec\/v3\/wp-json\/wp\/v2\/users\/1"}],"replies":[{"embeddable":true,"href":"https:\/\/pelileo.gob.ec\/v3\/wp-json\/wp\/v2\/comments?post=3613"}],"version-history":[{"count":1,"href":"https:\/\/pelileo.gob.ec\/v3\/wp-json\/wp\/v2\/posts\/3613\/revisions"}],"predecessor-version":[{"id":3615,"href":"https:\/\/pelileo.gob.ec\/v3\/wp-json\/wp\/v2\/posts\/3613\/revisions\/3615"}],"wp:featuredmedia":[{"embeddable":true,"href":"https:\/\/pelileo.gob.ec\/v3\/wp-json\/wp\/v2\/media\/3614"}],"wp:attachment":[{"href":"https:\/\/pelileo.gob.ec\/v3\/wp-json\/wp\/v2\/media?parent=3613"}],"wp:term":[{"taxonomy":"category","embeddable":true,"href":"https:\/\/pelileo.gob.ec\/v3\/wp-json\/wp\/v2\/categories?post=3613"},{"taxonomy":"post_tag","embeddable":true,"href":"https:\/\/pelileo.gob.ec\/v3\/wp-json\/wp\/v2\/tags?post=3613"}],"curies":[{"name":"wp","href":"https:\/\/api.w.org\/{rel}","templated":true}]}}