{"id":3616,"date":"2024-11-25T11:21:26","date_gmt":"2024-11-25T16:21:26","guid":{"rendered":"https:\/\/pelileo.gob.ec\/portal\/?p=3616"},"modified":"2024-11-25T11:21:26","modified_gmt":"2024-11-25T16:21:26","slug":"%f0%9d%97%a6%f0%9d%97%b2-%f0%9d%97%b0%f0%9d%98%82%f0%9d%97%ba%f0%9d%97%bd%f0%9d%97%b9%f0%9d%97%b6o-%f0%9d%97%b2%f0%9d%97%b9-%f0%9d%97%b0%f0%9d%97%ae%f0%9d%97%ba%f0%9d%97%af%f0%9d%97%b6%f0%9d%97%bc","status":"publish","type":"post","link":"https:\/\/pelileo.gob.ec\/v3\/%f0%9d%97%a6%f0%9d%97%b2-%f0%9d%97%b0%f0%9d%98%82%f0%9d%97%ba%f0%9d%97%bd%f0%9d%97%b9%f0%9d%97%b6o-%f0%9d%97%b2%f0%9d%97%b9-%f0%9d%97%b0%f0%9d%97%ae%f0%9d%97%ba%f0%9d%97%af%f0%9d%97%b6%f0%9d%97%bc\/","title":{"rendered":"\ud835\udde6\ud835\uddf2 \ud835\uddf0\ud835\ude02\ud835\uddfa\ud835\uddfd\ud835\uddf9\ud835\uddf6\u00f3 \ud835\uddf2\ud835\uddf9 \ud835\uddf0\ud835\uddee\ud835\uddfa\ud835\uddef\ud835\uddf6\ud835\uddfc \ud835\uddf1\ud835\uddf2 \ud835\uddfd\ud835\uddf6\ud835\ude00\ud835\uddfc\ud835\ude00 \ud835\uddf2\ud835\uddfb \ud835\udde8\ud835\uddfb\ud835\uddf6\ud835\uddf1\ud835\uddee\ud835\uddf1 \ud835\uddd8\ud835\uddf1\ud835\ude02\ud835\uddf0\ud835\uddee\ud835\ude01\ud835\uddf6\ud835\ude03\ud835\uddee"},"content":{"rendered":"\n<p>En un evento emotivo realizado en la Unidad Educativa Joaqu\u00edn Arias, los directivos del Comit\u00e9 Central de Padres de Familia agradecieron a la administraci\u00f3n municipal que lidera el alcalde Dr. <a href=\"https:\/\/www.facebook.com\/profile.php?id=100071174991895&amp;__cft__[0]=AZW6I0bRXW-uiz7OpKbbSDmNZVtHfWUOrz0Ut02ruOz2uCWbvarXjJT1_ePf_471fvOdEbhfjZavhPs6CZPP3Wxvr63TyCD-U5FmyuMsZq61rzEXikks_I3KCwAuY30C99aFKC89jXTRayPhs_GyVYEENGiy3883VTbuMQfsZs6xyf9HfxV5kPohoWIv_Gv7ZzU&amp;__tn__=-]K-R\">Gabriel Zu\u00f1iga<\/a>, por la gesti\u00f3n y apoyo para el cambio de pisos de un bloque de aulas.<\/p>\n\n\n\n<p>Mediante este trabajo, los ni\u00f1os y j\u00f3venes estudiantes cuentan con espacios adecuados y c\u00f3modos para cumplir <a><\/a>el proceso educativo de ense\u00f1anza-aprendizaje.<\/p>\n","protected":false},"excerpt":{"rendered":"<p>En un evento emotivo realizado en la Unidad Educativa Joaqu\u00edn&hellip; <\/p>\n","protected":false},"author":1,"featured_media":3617,"comment_status":"open","ping_status":"closed","sticky":false,"template":"","format":"standard","meta":{"footnotes":""},"categories":[9],"tags":[],"class_list":["post-3616","post","type-post","status-publish","format-standard","has-post-thumbnail","hentry","category-slider"],"_links":{"self":[{"href":"https:\/\/pelileo.gob.ec\/v3\/wp-json\/wp\/v2\/posts\/3616","targetHints":{"allow":["GET"]}}],"collection":[{"href":"https:\/\/pelileo.gob.ec\/v3\/wp-json\/wp\/v2\/posts"}],"about":[{"href":"https:\/\/pelileo.gob.ec\/v3\/wp-json\/wp\/v2\/types\/post"}],"author":[{"embeddable":true,"href":"https:\/\/pelileo.gob.ec\/v3\/wp-json\/wp\/v2\/users\/1"}],"replies":[{"embeddable":true,"href":"https:\/\/pelileo.gob.ec\/v3\/wp-json\/wp\/v2\/comments?post=3616"}],"version-history":[{"count":1,"href":"https:\/\/pelileo.gob.ec\/v3\/wp-json\/wp\/v2\/posts\/3616\/revisions"}],"predecessor-version":[{"id":3618,"href":"https:\/\/pelileo.gob.ec\/v3\/wp-json\/wp\/v2\/posts\/3616\/revisions\/3618"}],"wp:featuredmedia":[{"embeddable":true,"href":"https:\/\/pelileo.gob.ec\/v3\/wp-json\/wp\/v2\/media\/3617"}],"wp:attachment":[{"href":"https:\/\/pelileo.gob.ec\/v3\/wp-json\/wp\/v2\/media?parent=3616"}],"wp:term":[{"taxonomy":"category","embeddable":true,"href":"https:\/\/pelileo.gob.ec\/v3\/wp-json\/wp\/v2\/categories?post=3616"},{"taxonomy":"post_tag","embeddable":true,"href":"https:\/\/pelileo.gob.ec\/v3\/wp-json\/wp\/v2\/tags?post=3616"}],"curies":[{"name":"wp","href":"https:\/\/api.w.org\/{rel}","templated":true}]}}