{"id":3619,"date":"2024-11-25T11:24:26","date_gmt":"2024-11-25T16:24:26","guid":{"rendered":"https:\/\/pelileo.gob.ec\/portal\/?p=3619"},"modified":"2024-11-25T11:25:09","modified_gmt":"2024-11-25T16:25:09","slug":"%f0%9d%97%96%f0%9d%97%bc%f0%9d%97%ba%f0%9d%97%bd%f0%9d%97%ae%f0%9d%97%bf%f0%9d%98%81%f0%9d%97%b6%f0%9d%97%b2%f0%9d%97%bb%f0%9d%97%b1%f0%9d%97%bc-%f0%9d%97%ae%f0%9d%97%b9%f0%9d%97%b2%f0%9d%97%b4","status":"publish","type":"post","link":"https:\/\/pelileo.gob.ec\/v3\/%f0%9d%97%96%f0%9d%97%bc%f0%9d%97%ba%f0%9d%97%bd%f0%9d%97%ae%f0%9d%97%bf%f0%9d%98%81%f0%9d%97%b6%f0%9d%97%b2%f0%9d%97%bb%f0%9d%97%b1%f0%9d%97%bc-%f0%9d%97%ae%f0%9d%97%b9%f0%9d%97%b2%f0%9d%97%b4\/","title":{"rendered":"\ud835\uddd6\ud835\uddfc\ud835\uddfa\ud835\uddfd\ud835\uddee\ud835\uddff\ud835\ude01\ud835\uddf6\ud835\uddf2\ud835\uddfb\ud835\uddf1\ud835\uddfc \ud835\uddee\ud835\uddf9\ud835\uddf2\ud835\uddf4\ud835\uddff\u00ed\ud835\uddee \ud835\uddf0\ud835\uddfc\ud835\uddfb \ud835\uddf9\ud835\uddfc\ud835\ude00 \ud835\ude00\ud835\uddf2\ud835\uddf0\ud835\ude01\ud835\uddfc\ud835\uddff\ud835\uddf2\ud835\ude00 \ud835\ude03\ud835\ude02\ud835\uddf9\ud835\uddfb\ud835\uddf2\ud835\uddff\ud835\uddee\ud835\uddef\ud835\uddf9\ud835\uddf2\ud835\ude00"},"content":{"rendered":"\n<p>Seguimos recorriendo las comunidades m\u00e1s apartadas del cant\u00f3n, compartiendo v\u00edveres, camas y colchones con las personas que m\u00e1s lo necesitan.<\/p>\n\n\n\n<p>De esta actividad participaron la primera dama del cant\u00f3n Dra. Geoconda Llerena, Reina de Pelileo Joana C\u00e1rdenas, Concejal Cecilia Silva y servidores municipales de la Unidad de Trabajo Social.<\/p>\n","protected":false},"excerpt":{"rendered":"<p>Seguimos recorriendo las comunidades m\u00e1s apartadas del cant\u00f3n, compartiendo v\u00edveres,&hellip; <\/p>\n","protected":false},"author":1,"featured_media":3621,"comment_status":"closed","ping_status":"closed","sticky":false,"template":"","format":"standard","meta":{"footnotes":""},"categories":[9],"tags":[],"class_list":["post-3619","post","type-post","status-publish","format-standard","has-post-thumbnail","hentry","category-slider"],"_links":{"self":[{"href":"https:\/\/pelileo.gob.ec\/v3\/wp-json\/wp\/v2\/posts\/3619","targetHints":{"allow":["GET"]}}],"collection":[{"href":"https:\/\/pelileo.gob.ec\/v3\/wp-json\/wp\/v2\/posts"}],"about":[{"href":"https:\/\/pelileo.gob.ec\/v3\/wp-json\/wp\/v2\/types\/post"}],"author":[{"embeddable":true,"href":"https:\/\/pelileo.gob.ec\/v3\/wp-json\/wp\/v2\/users\/1"}],"replies":[{"embeddable":true,"href":"https:\/\/pelileo.gob.ec\/v3\/wp-json\/wp\/v2\/comments?post=3619"}],"version-history":[{"count":1,"href":"https:\/\/pelileo.gob.ec\/v3\/wp-json\/wp\/v2\/posts\/3619\/revisions"}],"predecessor-version":[{"id":3620,"href":"https:\/\/pelileo.gob.ec\/v3\/wp-json\/wp\/v2\/posts\/3619\/revisions\/3620"}],"wp:featuredmedia":[{"embeddable":true,"href":"https:\/\/pelileo.gob.ec\/v3\/wp-json\/wp\/v2\/media\/3621"}],"wp:attachment":[{"href":"https:\/\/pelileo.gob.ec\/v3\/wp-json\/wp\/v2\/media?parent=3619"}],"wp:term":[{"taxonomy":"category","embeddable":true,"href":"https:\/\/pelileo.gob.ec\/v3\/wp-json\/wp\/v2\/categories?post=3619"},{"taxonomy":"post_tag","embeddable":true,"href":"https:\/\/pelileo.gob.ec\/v3\/wp-json\/wp\/v2\/tags?post=3619"}],"curies":[{"name":"wp","href":"https:\/\/api.w.org\/{rel}","templated":true}]}}