{"id":3632,"date":"2024-12-02T11:42:06","date_gmt":"2024-12-02T16:42:06","guid":{"rendered":"https:\/\/pelileo.gob.ec\/portal\/?p=3632"},"modified":"2024-12-02T11:42:06","modified_gmt":"2024-12-02T16:42:06","slug":"%f0%9d%97%9a%f0%9d%97%a5%f0%9d%97%94%f0%9d%97%a1-%f0%9d%97%a1%f0%9d%97%a2%f0%9d%97%a7%f0%9d%97%9c%f0%9d%97%96%f0%9d%97%9c%f0%9d%97%94-%f0%9d%97%a3%f0%9d%97%94%f0%9d%97%a5%f0%9d%97%94","status":"publish","type":"post","link":"https:\/\/pelileo.gob.ec\/v3\/%f0%9d%97%9a%f0%9d%97%a5%f0%9d%97%94%f0%9d%97%a1-%f0%9d%97%a1%f0%9d%97%a2%f0%9d%97%a7%f0%9d%97%9c%f0%9d%97%96%f0%9d%97%9c%f0%9d%97%94-%f0%9d%97%a3%f0%9d%97%94%f0%9d%97%a5%f0%9d%97%94\/","title":{"rendered":"\u00a1\ud835\uddda\ud835\udde5\ud835\uddd4\ud835\udde1 \ud835\udde1\ud835\udde2\ud835\udde7\ud835\udddc\ud835\uddd6\ud835\udddc\ud835\uddd4 \ud835\udde3\ud835\uddd4\ud835\udde5\ud835\uddd4 \ud835\udddb\ud835\udde8\ud835\uddd4\ud835\udde0\ud835\uddd5\ud835\uddd4\ud835\udddf\u00d3!"},"content":{"rendered":"\n<p>Con el firme compromiso de fortalecer la seguridad y solidaridad en la parroquia <a href=\"https:\/\/www.facebook.com\/hashtag\/huambal%C3%B3?__eep__=6&amp;__cft__[0]=AZUNoCHxOMsqvcXPdB0klg5mv9pCmz1Bzg4486HGwxZpZTcijMp4bnYLnytVWE4KfGVsTpyUIfOrKR_eUhYw4Qlx5aQpRCVkTeQ94JQSaMVivq8MetqResObWXmgk4fGnJOrc7hvM6zTF5M13XMEGOsDoye8pvHDG2-P6ZMDeMTWH53SPUW_obexFZEaYrW31pU&amp;__tn__=*NK-R\">#Huambal\u00f3<\/a>, nuestro alcalde Dr. Gabriel Z\u00fa\u00f1iga entrego 20 equipos de radio comunicaci\u00f3n con todos sus accesorios, incluido el sistema de transmisi\u00f3n; herramientas claves para la seguridad y comunicaci\u00f3n con nuestras comunidades.<\/p>\n\n\n\n<p>\u201cMediante estos sistemas de comunicaci\u00f3n, podremos fortalecer la coordinaci\u00f3n de las emergencias y apoyo a la <a><\/a>ciudadan\u00eda\u201d, destac\u00f3 la primera autoridad municipal, tras ratificar el compromiso de la administraci\u00f3n que lidera, en trabajar de la mano con la ciudadan\u00eda en temas de seguridad y desarrollo comunitario.<\/p>\n","protected":false},"excerpt":{"rendered":"<p>Con el firme compromiso de fortalecer la seguridad y solidaridad&hellip; <\/p>\n","protected":false},"author":1,"featured_media":3633,"comment_status":"open","ping_status":"closed","sticky":false,"template":"","format":"standard","meta":{"footnotes":""},"categories":[9],"tags":[],"class_list":["post-3632","post","type-post","status-publish","format-standard","has-post-thumbnail","hentry","category-slider"],"_links":{"self":[{"href":"https:\/\/pelileo.gob.ec\/v3\/wp-json\/wp\/v2\/posts\/3632","targetHints":{"allow":["GET"]}}],"collection":[{"href":"https:\/\/pelileo.gob.ec\/v3\/wp-json\/wp\/v2\/posts"}],"about":[{"href":"https:\/\/pelileo.gob.ec\/v3\/wp-json\/wp\/v2\/types\/post"}],"author":[{"embeddable":true,"href":"https:\/\/pelileo.gob.ec\/v3\/wp-json\/wp\/v2\/users\/1"}],"replies":[{"embeddable":true,"href":"https:\/\/pelileo.gob.ec\/v3\/wp-json\/wp\/v2\/comments?post=3632"}],"version-history":[{"count":1,"href":"https:\/\/pelileo.gob.ec\/v3\/wp-json\/wp\/v2\/posts\/3632\/revisions"}],"predecessor-version":[{"id":3634,"href":"https:\/\/pelileo.gob.ec\/v3\/wp-json\/wp\/v2\/posts\/3632\/revisions\/3634"}],"wp:featuredmedia":[{"embeddable":true,"href":"https:\/\/pelileo.gob.ec\/v3\/wp-json\/wp\/v2\/media\/3633"}],"wp:attachment":[{"href":"https:\/\/pelileo.gob.ec\/v3\/wp-json\/wp\/v2\/media?parent=3632"}],"wp:term":[{"taxonomy":"category","embeddable":true,"href":"https:\/\/pelileo.gob.ec\/v3\/wp-json\/wp\/v2\/categories?post=3632"},{"taxonomy":"post_tag","embeddable":true,"href":"https:\/\/pelileo.gob.ec\/v3\/wp-json\/wp\/v2\/tags?post=3632"}],"curies":[{"name":"wp","href":"https:\/\/api.w.org\/{rel}","templated":true}]}}