{"id":3638,"date":"2024-12-02T14:04:40","date_gmt":"2024-12-02T19:04:40","guid":{"rendered":"https:\/\/pelileo.gob.ec\/portal\/?p=3638"},"modified":"2024-12-02T14:04:40","modified_gmt":"2024-12-02T19:04:40","slug":"%f0%9d%97%99%f0%9d%97%bc%f0%9d%97%bf%f0%9d%98%81%f0%9d%97%ae%f0%9d%97%b9%f0%9d%97%b2%f0%9d%97%b0%f0%9d%97%b2%f0%9d%97%ba%f0%9d%97%bc%f0%9d%98%80-%f0%9d%97%b9%f0%9d%97%bc%f0%9d%98%80-%f0%9d%98%80","status":"publish","type":"post","link":"https:\/\/pelileo.gob.ec\/v3\/%f0%9d%97%99%f0%9d%97%bc%f0%9d%97%bf%f0%9d%98%81%f0%9d%97%ae%f0%9d%97%b9%f0%9d%97%b2%f0%9d%97%b0%f0%9d%97%b2%f0%9d%97%ba%f0%9d%97%bc%f0%9d%98%80-%f0%9d%97%b9%f0%9d%97%bc%f0%9d%98%80-%f0%9d%98%80\/","title":{"rendered":"\ud835\uddd9\ud835\uddfc\ud835\uddff\ud835\ude01\ud835\uddee\ud835\uddf9\ud835\uddf2\ud835\uddf0\ud835\uddf2\ud835\uddfa\ud835\uddfc\ud835\ude00 \ud835\uddf9\ud835\uddfc\ud835\ude00 \ud835\ude00\ud835\uddf2\ud835\uddf0\ud835\ude01\ud835\uddfc\ud835\uddff\ud835\uddf2\ud835\ude00 \ud835\uddfd\ud835\uddff\ud835\uddfc\ud835\uddf1\ud835\ude02\ud835\uddf0\ud835\ude01\ud835\uddf6\ud835\ude03\ud835\uddfc\ud835\ude00 \ud835\uddf1\ud835\uddf2 \ud835\udde3\ud835\uddf2\ud835\uddf9\ud835\uddf6\ud835\uddf9\ud835\uddf2\ud835\uddfc"},"content":{"rendered":"\n<p>Con \u00e9xito se llev\u00f3 a cabo el primer \u201cCongreso cantonal del ma\u00edz y el aguacate\u201d realizado en el Sal\u00f3n de la Ciudad con la presencia de productores, t\u00e9cnicos y agro empresarios de nuestro cant\u00f3n.<\/p>\n\n\n\n<p>Durante dos d\u00edas, los asistentes actualizaron sus conocimientos te\u00f3ricos y los llevaron a la pr\u00e1ctica en una granja agr\u00edcola ubicada en el sector La Clementina. Nuestro alcalde Dr. Gabriel <a><\/a>Z\u00fa\u00f1iga ratific\u00f3 el apoyo institucional para fortalecer los sectores productivos de<\/p>\n","protected":false},"excerpt":{"rendered":"<p>Con \u00e9xito se llev\u00f3 a cabo el primer \u201cCongreso cantonal&hellip; <\/p>\n","protected":false},"author":1,"featured_media":3639,"comment_status":"closed","ping_status":"closed","sticky":false,"template":"","format":"standard","meta":{"footnotes":""},"categories":[9],"tags":[],"class_list":["post-3638","post","type-post","status-publish","format-standard","has-post-thumbnail","hentry","category-slider"],"_links":{"self":[{"href":"https:\/\/pelileo.gob.ec\/v3\/wp-json\/wp\/v2\/posts\/3638","targetHints":{"allow":["GET"]}}],"collection":[{"href":"https:\/\/pelileo.gob.ec\/v3\/wp-json\/wp\/v2\/posts"}],"about":[{"href":"https:\/\/pelileo.gob.ec\/v3\/wp-json\/wp\/v2\/types\/post"}],"author":[{"embeddable":true,"href":"https:\/\/pelileo.gob.ec\/v3\/wp-json\/wp\/v2\/users\/1"}],"replies":[{"embeddable":true,"href":"https:\/\/pelileo.gob.ec\/v3\/wp-json\/wp\/v2\/comments?post=3638"}],"version-history":[{"count":1,"href":"https:\/\/pelileo.gob.ec\/v3\/wp-json\/wp\/v2\/posts\/3638\/revisions"}],"predecessor-version":[{"id":3640,"href":"https:\/\/pelileo.gob.ec\/v3\/wp-json\/wp\/v2\/posts\/3638\/revisions\/3640"}],"wp:featuredmedia":[{"embeddable":true,"href":"https:\/\/pelileo.gob.ec\/v3\/wp-json\/wp\/v2\/media\/3639"}],"wp:attachment":[{"href":"https:\/\/pelileo.gob.ec\/v3\/wp-json\/wp\/v2\/media?parent=3638"}],"wp:term":[{"taxonomy":"category","embeddable":true,"href":"https:\/\/pelileo.gob.ec\/v3\/wp-json\/wp\/v2\/categories?post=3638"},{"taxonomy":"post_tag","embeddable":true,"href":"https:\/\/pelileo.gob.ec\/v3\/wp-json\/wp\/v2\/tags?post=3638"}],"curies":[{"name":"wp","href":"https:\/\/api.w.org\/{rel}","templated":true}]}}