{"id":3658,"date":"2024-12-09T16:44:46","date_gmt":"2024-12-09T21:44:46","guid":{"rendered":"https:\/\/pelileo.gob.ec\/portal\/?p=3658"},"modified":"2024-12-09T16:44:46","modified_gmt":"2024-12-09T21:44:46","slug":"%f0%9d%97%a0%f0%9d%98%82%f0%9d%97%bb%f0%9d%97%b6%f0%9d%97%b0%f0%9d%97%b6%f0%9d%97%bd%f0%9d%97%ae%f0%9d%97%b9%f0%9d%97%b6%f0%9d%97%b1%f0%9d%97%ae%f0%9d%97%b1-%f0%9d%97%b3%f0%9d%97%bc%f0%9d%97%bf","status":"publish","type":"post","link":"https:\/\/pelileo.gob.ec\/v3\/%f0%9d%97%a0%f0%9d%98%82%f0%9d%97%bb%f0%9d%97%b6%f0%9d%97%b0%f0%9d%97%b6%f0%9d%97%bd%f0%9d%97%ae%f0%9d%97%b9%f0%9d%97%b6%f0%9d%97%b1%f0%9d%97%ae%f0%9d%97%b1-%f0%9d%97%b3%f0%9d%97%bc%f0%9d%97%bf\/","title":{"rendered":"\ud835\udde0\ud835\ude02\ud835\uddfb\ud835\uddf6\ud835\uddf0\ud835\uddf6\ud835\uddfd\ud835\uddee\ud835\uddf9\ud835\uddf6\ud835\uddf1\ud835\uddee\ud835\uddf1 \ud835\uddf3\ud835\uddfc\ud835\uddff\ud835\ude01\ud835\uddee\ud835\uddf9\ud835\uddf2\ud835\uddf0\ud835\uddf2 \ud835\ude00\ud835\ude02 \ud835\uddf0\ud835\uddfc\ud835\uddfa\ud835\uddfd\ud835\uddff\ud835\uddfc\ud835\uddfa\ud835\uddf6\ud835\ude00\ud835\uddfc \ud835\uddf0\ud835\uddfc\ud835\uddfb \ud835\uddf9\ud835\uddee\ud835\ude00 \ud835\uddfd\ud835\uddf2\ud835\uddff\ud835\ude00\ud835\uddfc\ud835\uddfb\ud835\uddee\ud835\ude00 \ud835\uddf0\ud835\uddfc\ud835\uddfb \ud835\uddf1\ud835\uddf6\ud835\ude00\ud835\uddf0\ud835\uddee\ud835\uddfd\ud835\uddee\ud835\uddf0\ud835\uddf6\ud835\uddf1\ud835\uddee\ud835\uddf1"},"content":{"rendered":"\n<p>En el marco del D\u00eda internacional de las personas con discapacidad, el alcalde Dr. Gabriel Z\u00fa\u00f1iga y los concejales municipales compartieron con los usuarios de las fundaciones de <a href=\"https:\/\/www.facebook.com\/hashtag\/pelileo?__eep__=6&amp;__cft__[0]=AZXOhfXs0jJ3qgBELVYKjA84v_q_OsVo8NFiV02jgRfqApXmqVl5rUzs2lftq7Ejxt-YYL_xrXDjH_u3ztOq-30FainiTMqrE7PaCrKX9i78LJxtNUZK3eTjSHMRAqGmrVCCHWtSedGMblY4zO75N4Ah-gDgX4qSgehb_U6sd17qeOAEGGRLky8gm6R8nyM0jCc&amp;__tn__=*NK-R\">#Pelileo<\/a> varias actividades encaminadas a promover la inclusi\u00f3n y el respeto hacia las personas con discapacidad.<\/p>\n\n\n\n<p>La primera autoridad municipal ratific\u00f3 el <a><\/a>compromiso institucional, para apoyar el trabajo de las fundaciones en su noble labor de brindar atenci\u00f3n integral a este sector de nuestra sociedad.<\/p>\n","protected":false},"excerpt":{"rendered":"<p>En el marco del D\u00eda internacional de las personas con&hellip; <\/p>\n","protected":false},"author":1,"featured_media":3659,"comment_status":"closed","ping_status":"closed","sticky":false,"template":"","format":"standard","meta":{"footnotes":""},"categories":[9],"tags":[],"class_list":["post-3658","post","type-post","status-publish","format-standard","has-post-thumbnail","hentry","category-slider"],"_links":{"self":[{"href":"https:\/\/pelileo.gob.ec\/v3\/wp-json\/wp\/v2\/posts\/3658","targetHints":{"allow":["GET"]}}],"collection":[{"href":"https:\/\/pelileo.gob.ec\/v3\/wp-json\/wp\/v2\/posts"}],"about":[{"href":"https:\/\/pelileo.gob.ec\/v3\/wp-json\/wp\/v2\/types\/post"}],"author":[{"embeddable":true,"href":"https:\/\/pelileo.gob.ec\/v3\/wp-json\/wp\/v2\/users\/1"}],"replies":[{"embeddable":true,"href":"https:\/\/pelileo.gob.ec\/v3\/wp-json\/wp\/v2\/comments?post=3658"}],"version-history":[{"count":1,"href":"https:\/\/pelileo.gob.ec\/v3\/wp-json\/wp\/v2\/posts\/3658\/revisions"}],"predecessor-version":[{"id":3660,"href":"https:\/\/pelileo.gob.ec\/v3\/wp-json\/wp\/v2\/posts\/3658\/revisions\/3660"}],"wp:featuredmedia":[{"embeddable":true,"href":"https:\/\/pelileo.gob.ec\/v3\/wp-json\/wp\/v2\/media\/3659"}],"wp:attachment":[{"href":"https:\/\/pelileo.gob.ec\/v3\/wp-json\/wp\/v2\/media?parent=3658"}],"wp:term":[{"taxonomy":"category","embeddable":true,"href":"https:\/\/pelileo.gob.ec\/v3\/wp-json\/wp\/v2\/categories?post=3658"},{"taxonomy":"post_tag","embeddable":true,"href":"https:\/\/pelileo.gob.ec\/v3\/wp-json\/wp\/v2\/tags?post=3658"}],"curies":[{"name":"wp","href":"https:\/\/api.w.org\/{rel}","templated":true}]}}