{"id":3661,"date":"2024-12-09T16:47:28","date_gmt":"2024-12-09T21:47:28","guid":{"rendered":"https:\/\/pelileo.gob.ec\/portal\/?p=3661"},"modified":"2024-12-09T16:47:28","modified_gmt":"2024-12-09T21:47:28","slug":"%f0%9d%97%98%f0%9d%97%a0%f0%9d%97%a2%f0%9d%97%a7%f0%9d%97%9c%f0%9d%97%a9%f0%9d%97%94-%f0%9d%97%96%f0%9d%97%98%f0%9d%97%9f%f0%9d%97%98%f0%9d%97%95%f0%9d%97%a5%f0%9d%97%94%f0%9d%97%96%f0%9d%97%9co","status":"publish","type":"post","link":"https:\/\/pelileo.gob.ec\/v3\/%f0%9d%97%98%f0%9d%97%a0%f0%9d%97%a2%f0%9d%97%a7%f0%9d%97%9c%f0%9d%97%a9%f0%9d%97%94-%f0%9d%97%96%f0%9d%97%98%f0%9d%97%9f%f0%9d%97%98%f0%9d%97%95%f0%9d%97%a5%f0%9d%97%94%f0%9d%97%96%f0%9d%97%9co\/","title":{"rendered":"\ud835\uddd8\ud835\udde0\ud835\udde2\ud835\udde7\ud835\udddc\ud835\udde9\ud835\uddd4 \ud835\uddd6\ud835\uddd8\ud835\udddf\ud835\uddd8\ud835\uddd5\ud835\udde5\ud835\uddd4\ud835\uddd6\ud835\udddc\u00d3\ud835\udde1 \ud835\udde1\ud835\uddd4\ud835\udde9\ud835\udddc\ud835\uddd7\ud835\uddd8\u00d1\ud835\uddd4"},"content":{"rendered":"\n<p>Llenos de alegr\u00eda y dinamismo, se mostraron los adultos mayores del grupo \u00abLuz y Vida\u201d de la matriz, durante las actividades programadas para conmemorar la \u00e9poca navide\u00f1a junto a las autoridades cantonales.<\/p>\n\n\n\n<p>\u00abQuiero expresarles mi gratitud por su contribuci\u00f3n a nuestro cant\u00f3n, su sabidur\u00eda, experiencia y amor son un regalo invaluable para nosotros. Les deseo una Navidad llena de paz, amor y felicidad.\u00bb, expres\u00f3 <a><\/a>emocionado nuestro alcalde cantonal Dr. Gabriel Z\u00fa\u00f1iga.<\/p>\n","protected":false},"excerpt":{"rendered":"<p>Llenos de alegr\u00eda y dinamismo, se mostraron los adultos mayores&hellip; <\/p>\n","protected":false},"author":1,"featured_media":3662,"comment_status":"closed","ping_status":"closed","sticky":false,"template":"","format":"standard","meta":{"footnotes":""},"categories":[9],"tags":[],"class_list":["post-3661","post","type-post","status-publish","format-standard","has-post-thumbnail","hentry","category-slider"],"_links":{"self":[{"href":"https:\/\/pelileo.gob.ec\/v3\/wp-json\/wp\/v2\/posts\/3661","targetHints":{"allow":["GET"]}}],"collection":[{"href":"https:\/\/pelileo.gob.ec\/v3\/wp-json\/wp\/v2\/posts"}],"about":[{"href":"https:\/\/pelileo.gob.ec\/v3\/wp-json\/wp\/v2\/types\/post"}],"author":[{"embeddable":true,"href":"https:\/\/pelileo.gob.ec\/v3\/wp-json\/wp\/v2\/users\/1"}],"replies":[{"embeddable":true,"href":"https:\/\/pelileo.gob.ec\/v3\/wp-json\/wp\/v2\/comments?post=3661"}],"version-history":[{"count":1,"href":"https:\/\/pelileo.gob.ec\/v3\/wp-json\/wp\/v2\/posts\/3661\/revisions"}],"predecessor-version":[{"id":3663,"href":"https:\/\/pelileo.gob.ec\/v3\/wp-json\/wp\/v2\/posts\/3661\/revisions\/3663"}],"wp:featuredmedia":[{"embeddable":true,"href":"https:\/\/pelileo.gob.ec\/v3\/wp-json\/wp\/v2\/media\/3662"}],"wp:attachment":[{"href":"https:\/\/pelileo.gob.ec\/v3\/wp-json\/wp\/v2\/media?parent=3661"}],"wp:term":[{"taxonomy":"category","embeddable":true,"href":"https:\/\/pelileo.gob.ec\/v3\/wp-json\/wp\/v2\/categories?post=3661"},{"taxonomy":"post_tag","embeddable":true,"href":"https:\/\/pelileo.gob.ec\/v3\/wp-json\/wp\/v2\/tags?post=3661"}],"curies":[{"name":"wp","href":"https:\/\/api.w.org\/{rel}","templated":true}]}}