{"id":3677,"date":"2024-12-24T13:34:08","date_gmt":"2024-12-24T18:34:08","guid":{"rendered":"https:\/\/pelileo.gob.ec\/portal\/?p=3677"},"modified":"2024-12-24T13:34:08","modified_gmt":"2024-12-24T18:34:08","slug":"%f0%9d%90%92%f0%9d%90%9e-%f0%9d%90%9e%f0%9d%90%a7%f0%9d%90%9c%f0%9d%90%a2%f0%9d%90%9e%f0%9d%90%a7%f0%9d%90%9d%f0%9d%90%9e-%f0%9d%90%9e%f0%9d%90%a5-%f0%9d%90%9e%f0%9d%90%ac%f0%9d%90%a9i%f0%9d%90%ab","status":"publish","type":"post","link":"https:\/\/pelileo.gob.ec\/v3\/%f0%9d%90%92%f0%9d%90%9e-%f0%9d%90%9e%f0%9d%90%a7%f0%9d%90%9c%f0%9d%90%a2%f0%9d%90%9e%f0%9d%90%a7%f0%9d%90%9d%f0%9d%90%9e-%f0%9d%90%9e%f0%9d%90%a5-%f0%9d%90%9e%f0%9d%90%ac%f0%9d%90%a9i%f0%9d%90%ab\/","title":{"rendered":"\ud835\udc12\ud835\udc1e \ud835\udc1e\ud835\udc27\ud835\udc1c\ud835\udc22\ud835\udc1e\ud835\udc27\ud835\udc1d\ud835\udc1e \ud835\udc1e\ud835\udc25 \ud835\udc1e\ud835\udc2c\ud835\udc29\u00ed\ud835\udc2b\ud835\udc22\ud835\udc2d\ud835\udc2e \ud835\udc27\ud835\udc1a\ud835\udc2f\ud835\udc22\ud835\udc1d\ud835\udc1e\u00f1\ud835\udc28"},"content":{"rendered":"\n<p><a href=\"https:\/\/www.facebook.com\/hashtag\/pelileo?__eep__=6&amp;__cft__[0]=AZWEyZO4CupJ68DAXvdW7SOGAFRjgHQF-hAaF-n9dN_7NutfjRvpakfNV-EMneWWxAzhciawAKmQPxq3PR94COA00eaqYDVsmVIEtCfPb0D_IzIZT1tqbNTyODYqzT5vPcIK2wlW9fbS4fPudHmJc6GNJWUwKxcX4NyE55OYovwNcQlO5ds79m2688FuKBFviF8&amp;__tn__=*NK-R\">#Pelileo<\/a> se visti\u00f3 de magia y alegr\u00eda durante el encendido de luces y alegor\u00edas navide\u00f1as ubicadas en el parque 5 de agosto, como s\u00edmbolo de la unidad de la ciudadan\u00eda y sus autoridades en esta conmemoraci\u00f3n que recuerda el nacimiento de Jes\u00fas.<\/p>\n\n\n\n<p>Previo a esta celebraci\u00f3n, los servidores municipales realizaron el pase del ni\u00f1o por las principales calles de la ciudad y participaron <a><\/a>adem\u00e1s de una celebraci\u00f3n eucar\u00edstica con el mensaje de paz, amor y solidaridad.<\/p>\n","protected":false},"excerpt":{"rendered":"<p>#Pelileo se visti\u00f3 de magia y alegr\u00eda durante el encendido&hellip; <\/p>\n","protected":false},"author":1,"featured_media":3678,"comment_status":"closed","ping_status":"closed","sticky":false,"template":"","format":"standard","meta":{"footnotes":""},"categories":[9],"tags":[],"class_list":["post-3677","post","type-post","status-publish","format-standard","has-post-thumbnail","hentry","category-slider"],"_links":{"self":[{"href":"https:\/\/pelileo.gob.ec\/v3\/wp-json\/wp\/v2\/posts\/3677","targetHints":{"allow":["GET"]}}],"collection":[{"href":"https:\/\/pelileo.gob.ec\/v3\/wp-json\/wp\/v2\/posts"}],"about":[{"href":"https:\/\/pelileo.gob.ec\/v3\/wp-json\/wp\/v2\/types\/post"}],"author":[{"embeddable":true,"href":"https:\/\/pelileo.gob.ec\/v3\/wp-json\/wp\/v2\/users\/1"}],"replies":[{"embeddable":true,"href":"https:\/\/pelileo.gob.ec\/v3\/wp-json\/wp\/v2\/comments?post=3677"}],"version-history":[{"count":1,"href":"https:\/\/pelileo.gob.ec\/v3\/wp-json\/wp\/v2\/posts\/3677\/revisions"}],"predecessor-version":[{"id":3679,"href":"https:\/\/pelileo.gob.ec\/v3\/wp-json\/wp\/v2\/posts\/3677\/revisions\/3679"}],"wp:featuredmedia":[{"embeddable":true,"href":"https:\/\/pelileo.gob.ec\/v3\/wp-json\/wp\/v2\/media\/3678"}],"wp:attachment":[{"href":"https:\/\/pelileo.gob.ec\/v3\/wp-json\/wp\/v2\/media?parent=3677"}],"wp:term":[{"taxonomy":"category","embeddable":true,"href":"https:\/\/pelileo.gob.ec\/v3\/wp-json\/wp\/v2\/categories?post=3677"},{"taxonomy":"post_tag","embeddable":true,"href":"https:\/\/pelileo.gob.ec\/v3\/wp-json\/wp\/v2\/tags?post=3677"}],"curies":[{"name":"wp","href":"https:\/\/api.w.org\/{rel}","templated":true}]}}