{"id":3993,"date":"2025-09-15T17:54:02","date_gmt":"2025-09-15T22:54:02","guid":{"rendered":"https:\/\/pelileo.gob.ec\/v3\/?p=3993"},"modified":"2025-09-15T17:56:38","modified_gmt":"2025-09-15T22:56:38","slug":"%f0%9d%90%92%f0%9d%90%9a%f0%9d%90%a7-%f0%9d%90%85%f0%9d%90%ab%f0%9d%90%9a%f0%9d%90%a7%f0%9d%90%9c%f0%9d%90%a2%f0%9d%90%ac%f0%9d%90%9c%f0%9d%90%a8-%f0%9d%90%9d%f0%9d%90%9e-%f0%9d%90%81%f0%9d%90%a8","status":"publish","type":"post","link":"https:\/\/pelileo.gob.ec\/v3\/%f0%9d%90%92%f0%9d%90%9a%f0%9d%90%a7-%f0%9d%90%85%f0%9d%90%ab%f0%9d%90%9a%f0%9d%90%a7%f0%9d%90%9c%f0%9d%90%a2%f0%9d%90%ac%f0%9d%90%9c%f0%9d%90%a8-%f0%9d%90%9d%f0%9d%90%9e-%f0%9d%90%81%f0%9d%90%a8\/","title":{"rendered":"\ud835\udc12\ud835\udc1a\ud835\udc27 \ud835\udc05\ud835\udc2b\ud835\udc1a\ud835\udc27\ud835\udc1c\ud835\udc22\ud835\udc2c\ud835\udc1c\ud835\udc28 \ud835\udc1d\ud835\udc1e \ud835\udc01\ud835\udc28\ud835\udc25\u00ed\ud835\udc2f\ud835\udc1a\ud835\udc2b \ud835\udc2b\ud835\udc1e\ud835\udc1c\ud835\udc28\ud835\udc2b\ud835\udc1d\u00f3 \ud835\udc2c\ud835\udc2e\ud835\udc2c 119 \ud835\udc1a\u00f1\ud835\udc28\ud835\udc2c \ud835\udc1c\ud835\udc28\ud835\udc26\ud835\udc28 \ud835\udc29\ud835\udc1a\ud835\udc2b\ud835\udc2b\ud835\udc28\ud835\udc2a\ud835\udc2e\ud835\udc22\ud835\udc1a"},"content":{"rendered":"\n<p>Mediante una sesi\u00f3n solemne, autoridades y <a><\/a>ciudadanos de la parroquia San Francisco de Bol\u00edvar celebraron el cent\u00e9simo d\u00e9cimo noveno aniversario de vida pol\u00edtica parroquial, junto a varias autoridades provinciales, cantonales e invitados especiales.<\/p>\n\n\n\n<p>Destacados ciudadanos de la parroquia recibieron el reconocimiento p\u00fablico por haber contribuido al progreso parroquial, entre ellos, el Dr. Wilson Toainga, quien al momento se mantiene al frente de la Fiscal\u00eda General del Estado. La alcaldesa Subrogante Lic. Cecilia Silva felicit\u00f3 a los habitantes de Bol\u00edvar por su trabajo y unidad para alcanzar el desarrollo.<\/p>\n\n\n\n<p><\/p>\n","protected":false},"excerpt":{"rendered":"<p>Mediante una sesi\u00f3n solemne, autoridades y ciudadanos de la parroquia&hellip; <\/p>\n","protected":false},"author":1,"featured_media":3994,"comment_status":"closed","ping_status":"closed","sticky":false,"template":"","format":"standard","meta":{"footnotes":""},"categories":[47],"tags":[],"class_list":["post-3993","post","type-post","status-publish","format-standard","has-post-thumbnail","hentry","category-noticias"],"_links":{"self":[{"href":"https:\/\/pelileo.gob.ec\/v3\/wp-json\/wp\/v2\/posts\/3993","targetHints":{"allow":["GET"]}}],"collection":[{"href":"https:\/\/pelileo.gob.ec\/v3\/wp-json\/wp\/v2\/posts"}],"about":[{"href":"https:\/\/pelileo.gob.ec\/v3\/wp-json\/wp\/v2\/types\/post"}],"author":[{"embeddable":true,"href":"https:\/\/pelileo.gob.ec\/v3\/wp-json\/wp\/v2\/users\/1"}],"replies":[{"embeddable":true,"href":"https:\/\/pelileo.gob.ec\/v3\/wp-json\/wp\/v2\/comments?post=3993"}],"version-history":[{"count":1,"href":"https:\/\/pelileo.gob.ec\/v3\/wp-json\/wp\/v2\/posts\/3993\/revisions"}],"predecessor-version":[{"id":3995,"href":"https:\/\/pelileo.gob.ec\/v3\/wp-json\/wp\/v2\/posts\/3993\/revisions\/3995"}],"wp:featuredmedia":[{"embeddable":true,"href":"https:\/\/pelileo.gob.ec\/v3\/wp-json\/wp\/v2\/media\/3994"}],"wp:attachment":[{"href":"https:\/\/pelileo.gob.ec\/v3\/wp-json\/wp\/v2\/media?parent=3993"}],"wp:term":[{"taxonomy":"category","embeddable":true,"href":"https:\/\/pelileo.gob.ec\/v3\/wp-json\/wp\/v2\/categories?post=3993"},{"taxonomy":"post_tag","embeddable":true,"href":"https:\/\/pelileo.gob.ec\/v3\/wp-json\/wp\/v2\/tags?post=3993"}],"curies":[{"name":"wp","href":"https:\/\/api.w.org\/{rel}","templated":true}]}}