{"id":4021,"date":"2025-10-27T08:40:34","date_gmt":"2025-10-27T13:40:34","guid":{"rendered":"https:\/\/pelileo.gob.ec\/v3\/?p=4021"},"modified":"2025-10-27T08:40:34","modified_gmt":"2025-10-27T13:40:34","slug":"%f0%9d%90%84%f0%9d%90%a5-%f0%9d%90%a9%f0%9d%90%a8%f0%9d%90%a5%f0%9d%90%af%f0%9d%90%a8-%f0%9d%90%b2-%f0%9d%90%9e%f0%9d%90%a5-%f0%9d%90%a5%f0%9d%90%a8%f0%9d%90%9d%f0%9d%90%a8-%f0%9d%90%aa%f0%9d%90%ae","status":"publish","type":"post","link":"https:\/\/pelileo.gob.ec\/v3\/%f0%9d%90%84%f0%9d%90%a5-%f0%9d%90%a9%f0%9d%90%a8%f0%9d%90%a5%f0%9d%90%af%f0%9d%90%a8-%f0%9d%90%b2-%f0%9d%90%9e%f0%9d%90%a5-%f0%9d%90%a5%f0%9d%90%a8%f0%9d%90%9d%f0%9d%90%a8-%f0%9d%90%aa%f0%9d%90%ae\/","title":{"rendered":"\ud835\udc04\ud835\udc25 \ud835\udc29\ud835\udc28\ud835\udc25\ud835\udc2f\ud835\udc28 \ud835\udc32 \ud835\udc1e\ud835\udc25 \ud835\udc25\ud835\udc28\ud835\udc1d\ud835\udc28 \ud835\udc2a\ud835\udc2e\ud835\udc1e\ud835\udc1d\ud835\udc1a\ud835\udc2b\ud835\udc28\ud835\udc27 \ud835\udc1a\ud835\udc2d\ud835\udc2b\u00e1\ud835\udc2c \ud835\udc1e\ud835\udc27 \u201c\ud835\udc11\ud835\udc2e\ud835\udc26\ud835\udc22\ud835\udc1c\ud835\udc21\ud835\udc1a\ud835\udc1c\ud835\udc1a \ud835\udc00\ud835\udc25\ud835\udc2d\ud835\udc28\u201d"},"content":{"rendered":"\n<p>Alrededor de 200.000 d\u00f3lares fueron <a><\/a>invertidos en el asfaltado y construcci\u00f3n de cunetas y bordillos en la v\u00eda principal de ingreso al caser\u00edo Rumichaca Alto de la parroquia El Rosario, facilitando el trabajo de nuestros productores al momento de trasladar sus cosechas hacia los mercados de la provincia.<\/p>\n\n\n\n<p>\u201cEsta v\u00eda es m\u00e1s que cemento y asfalto; es el s\u00edmbolo de la constancia de un anhelo que se transforma en realidad para ustedes, sus familias y sus cosechas, gracias al trabajo conjunto entre el GAD municipal, Gobierno provincial y Gobierno parroquial\u201d, manifest\u00f3 el alcalde Dr. <a href=\"https:\/\/www.facebook.com\/gabriel.zuniga.624942?__cft__[0]=AZWloHYKIC2jgoJscKMdizJqMUtrCMhViqYiXqSVO1W4jQGHDAG0I6lkjUNnFR3jKj1p3DsQYfhaANVjU0vm04sTw8QanB2oAwwpQlTQR8Jon4-LNZfABEP_ZPFR1zn7XxrKNtFZPGgvHusaaxYG7lyNOyUvZ0YuWgut3kh6RZ3WqfPN6ecSrApKMv_CVVB-6GQ&amp;__tn__=-]K-R\">Gabriel Zu\u00f1iga<\/a> durante el evento de entrega oficial de esta infraestructura vial.<\/p>\n\n\n\n<p><\/p>\n","protected":false},"excerpt":{"rendered":"<p>Alrededor de 200.000 d\u00f3lares fueron invertidos en el asfaltado y&hellip; <\/p>\n","protected":false},"author":1,"featured_media":4022,"comment_status":"closed","ping_status":"closed","sticky":false,"template":"","format":"standard","meta":{"footnotes":""},"categories":[47,9],"tags":[],"class_list":["post-4021","post","type-post","status-publish","format-standard","has-post-thumbnail","hentry","category-noticias","category-slider"],"_links":{"self":[{"href":"https:\/\/pelileo.gob.ec\/v3\/wp-json\/wp\/v2\/posts\/4021","targetHints":{"allow":["GET"]}}],"collection":[{"href":"https:\/\/pelileo.gob.ec\/v3\/wp-json\/wp\/v2\/posts"}],"about":[{"href":"https:\/\/pelileo.gob.ec\/v3\/wp-json\/wp\/v2\/types\/post"}],"author":[{"embeddable":true,"href":"https:\/\/pelileo.gob.ec\/v3\/wp-json\/wp\/v2\/users\/1"}],"replies":[{"embeddable":true,"href":"https:\/\/pelileo.gob.ec\/v3\/wp-json\/wp\/v2\/comments?post=4021"}],"version-history":[{"count":1,"href":"https:\/\/pelileo.gob.ec\/v3\/wp-json\/wp\/v2\/posts\/4021\/revisions"}],"predecessor-version":[{"id":4023,"href":"https:\/\/pelileo.gob.ec\/v3\/wp-json\/wp\/v2\/posts\/4021\/revisions\/4023"}],"wp:featuredmedia":[{"embeddable":true,"href":"https:\/\/pelileo.gob.ec\/v3\/wp-json\/wp\/v2\/media\/4022"}],"wp:attachment":[{"href":"https:\/\/pelileo.gob.ec\/v3\/wp-json\/wp\/v2\/media?parent=4021"}],"wp:term":[{"taxonomy":"category","embeddable":true,"href":"https:\/\/pelileo.gob.ec\/v3\/wp-json\/wp\/v2\/categories?post=4021"},{"taxonomy":"post_tag","embeddable":true,"href":"https:\/\/pelileo.gob.ec\/v3\/wp-json\/wp\/v2\/tags?post=4021"}],"curies":[{"name":"wp","href":"https:\/\/api.w.org\/{rel}","templated":true}]}}