{"id":4024,"date":"2025-10-27T08:45:12","date_gmt":"2025-10-27T13:45:12","guid":{"rendered":"https:\/\/pelileo.gob.ec\/v3\/?p=4024"},"modified":"2025-10-27T08:45:57","modified_gmt":"2025-10-27T13:45:57","slug":"%f0%9d%90%94%f0%9d%90%a7-%f0%9d%90%ac%f0%9d%90%ae%f0%9d%90%9en%f0%9d%90%a8-%f0%9d%90%a1%f0%9d%90%9e%f0%9d%90%9c%f0%9d%90%a1%f0%9d%90%a8-%f0%9d%90%ab%f0%9d%90%9e%f0%9d%90%9a%f0%9d%90%a5","status":"publish","type":"post","link":"https:\/\/pelileo.gob.ec\/v3\/%f0%9d%90%94%f0%9d%90%a7-%f0%9d%90%ac%f0%9d%90%ae%f0%9d%90%9en%f0%9d%90%a8-%f0%9d%90%a1%f0%9d%90%9e%f0%9d%90%9c%f0%9d%90%a1%f0%9d%90%a8-%f0%9d%90%ab%f0%9d%90%9e%f0%9d%90%9a%f0%9d%90%a5\/","title":{"rendered":"\u00a1\ud835\udc14\ud835\udc27 \ud835\udc2c\ud835\udc2e\ud835\udc1e\u00f1\ud835\udc28 \ud835\udc21\ud835\udc1e\ud835\udc1c\ud835\udc21\ud835\udc28 \ud835\udc2b\ud835\udc1e\ud835\udc1a\ud835\udc25\ud835\udc22\ud835\udc1d\ud835\udc1a\ud835\udc1d \ud835\udc1e\ud835\udc27 \ud835\udc0b\ud835\udc1a \ud835\udc14\ud835\udc27\ud835\udc22\u00f3\ud835\udc27! Cancha de usos m\u00faltiples"},"content":{"rendered":"\n<p>Con gran emoci\u00f3n, el barrio La Uni\u00f3n de Pelileo se visti\u00f3 de fiesta y escribi\u00f3 una p\u00e1gina brillante en su historia, al celebrar la inauguraci\u00f3n de su cancha de usos m\u00faltiples, gracias al esfuerzo y compromiso del GAD municipal de Pelileo para dotar de un espacio acogedor y seguro para la pr\u00e1ctica deportiva y fortalecer sus actividades sociales y culturales.<\/p>\n\n\n\n<p>\u201cEsta cancha es una promesa de futuro, desarrollo, salud y unidad ya que permitir\u00e1 que nuestros ni\u00f1os y j\u00f3venes puedan forjar sus sue\u00f1os, y los vecinos del barrio tengan un espacio digno para compartir momentos de sana convivencia\u201d, destac\u00f3 el alcalde Dr. Gabriel Zu\u00f1iga al inaugura este nuevo escenario deportivo en el cant\u00f3n.<\/p>\n\n\n\n<p><\/p>\n","protected":false},"excerpt":{"rendered":"<p>Con gran emoci\u00f3n, el barrio La Uni\u00f3n de Pelileo se&hellip; <\/p>\n","protected":false},"author":1,"featured_media":4025,"comment_status":"closed","ping_status":"closed","sticky":false,"template":"","format":"standard","meta":{"footnotes":""},"categories":[47,9],"tags":[],"class_list":["post-4024","post","type-post","status-publish","format-standard","has-post-thumbnail","hentry","category-noticias","category-slider"],"_links":{"self":[{"href":"https:\/\/pelileo.gob.ec\/v3\/wp-json\/wp\/v2\/posts\/4024","targetHints":{"allow":["GET"]}}],"collection":[{"href":"https:\/\/pelileo.gob.ec\/v3\/wp-json\/wp\/v2\/posts"}],"about":[{"href":"https:\/\/pelileo.gob.ec\/v3\/wp-json\/wp\/v2\/types\/post"}],"author":[{"embeddable":true,"href":"https:\/\/pelileo.gob.ec\/v3\/wp-json\/wp\/v2\/users\/1"}],"replies":[{"embeddable":true,"href":"https:\/\/pelileo.gob.ec\/v3\/wp-json\/wp\/v2\/comments?post=4024"}],"version-history":[{"count":2,"href":"https:\/\/pelileo.gob.ec\/v3\/wp-json\/wp\/v2\/posts\/4024\/revisions"}],"predecessor-version":[{"id":4027,"href":"https:\/\/pelileo.gob.ec\/v3\/wp-json\/wp\/v2\/posts\/4024\/revisions\/4027"}],"wp:featuredmedia":[{"embeddable":true,"href":"https:\/\/pelileo.gob.ec\/v3\/wp-json\/wp\/v2\/media\/4025"}],"wp:attachment":[{"href":"https:\/\/pelileo.gob.ec\/v3\/wp-json\/wp\/v2\/media?parent=4024"}],"wp:term":[{"taxonomy":"category","embeddable":true,"href":"https:\/\/pelileo.gob.ec\/v3\/wp-json\/wp\/v2\/categories?post=4024"},{"taxonomy":"post_tag","embeddable":true,"href":"https:\/\/pelileo.gob.ec\/v3\/wp-json\/wp\/v2\/tags?post=4024"}],"curies":[{"name":"wp","href":"https:\/\/api.w.org\/{rel}","templated":true}]}}