{"id":4028,"date":"2025-10-27T08:50:01","date_gmt":"2025-10-27T13:50:01","guid":{"rendered":"https:\/\/pelileo.gob.ec\/v3\/?p=4028"},"modified":"2025-10-27T08:50:29","modified_gmt":"2025-10-27T13:50:29","slug":"%f0%9d%90%80%f0%9d%90%a5%f0%9d%90%9c%f0%9d%90%9a%f0%9d%90%a7%f0%9d%90%ad%f0%9d%90%9a%f0%9d%90%ab%f0%9d%90%a2%f0%9d%90%a5%f0%9d%90%a5%f0%9d%90%9a%f0%9d%90%9d%f0%9d%90%a8-%f0%9d%90%a9%f0%9d%90%9a","status":"publish","type":"post","link":"https:\/\/pelileo.gob.ec\/v3\/%f0%9d%90%80%f0%9d%90%a5%f0%9d%90%9c%f0%9d%90%9a%f0%9d%90%a7%f0%9d%90%ad%f0%9d%90%9a%f0%9d%90%ab%f0%9d%90%a2%f0%9d%90%a5%f0%9d%90%a5%f0%9d%90%9a%f0%9d%90%9d%f0%9d%90%a8-%f0%9d%90%a9%f0%9d%90%9a\/","title":{"rendered":"\ud835\udc00\ud835\udc25\ud835\udc1c\ud835\udc1a\ud835\udc27\ud835\udc2d\ud835\udc1a\ud835\udc2b\ud835\udc22\ud835\udc25\ud835\udc25\ud835\udc1a\ud835\udc1d\ud835\udc28 \ud835\udc29\ud835\udc1a\ud835\udc2b\ud835\udc1a \ud835\udc12\ud835\udc1a\ud835\udc25\ud835\udc1a\ud835\udc2d\ud835\udc1e, \ud835\udc0b\ud835\udc1a \ud835\udc02\ud835\udc25\ud835\udc1e\ud835\udc26\ud835\udc1e\ud835\udc27\ud835\udc2d\ud835\udc22\ud835\udc27\ud835\udc1a \ud835\udc32 \ud835\udc0b\ud835\udc28\ud835\udc2c \ud835\udc02\ud835\udc22\ud835\udc29\ud835\udc2b\ud835\udc1e\ud835\udc2c\ud835\udc1e\ud835\udc2c \ud835\udc1e\ud835\udc27 \ud835\udc1f\ud835\udc1a\ud835\udc2c\ud835\udc1e \ud835\udc1f\ud835\udc22\ud835\udc27\ud835\udc1a\ud835\udc25"},"content":{"rendered":"\n<p>La emoci\u00f3n y el optimismo fueron parte de la Asamblea General <a><\/a>de usuarios de la Junta Administradora de Agua potable y Saneamiento Salate, La Clementina y Los Cipreses, al escuchar los avances de la construcci\u00f3n del sistema de alcantarillado sanitario y Planta de tratamiento que se encuentra en fase de prueba.<\/p>\n\n\n\n<p>El equipo t\u00e9cnico absolvi\u00f3 todas las dudas de los usuarios, quienes con evidente alegr\u00eda confirmaron la satisfacci\u00f3n de ver cristalizada una aspiraci\u00f3n que debieron esperar m\u00e1s de 40 a\u00f1os para su construcci\u00f3n y que ahora transformar\u00e1 las condiciones de vida de sus habitantes.<\/p>\n","protected":false},"excerpt":{"rendered":"<p>La emoci\u00f3n y el optimismo fueron parte de la Asamblea&hellip; <\/p>\n","protected":false},"author":1,"featured_media":4029,"comment_status":"closed","ping_status":"closed","sticky":false,"template":"","format":"standard","meta":{"footnotes":""},"categories":[47,48,9],"tags":[],"class_list":["post-4028","post","type-post","status-publish","format-standard","has-post-thumbnail","hentry","category-noticias","category-obras","category-slider"],"_links":{"self":[{"href":"https:\/\/pelileo.gob.ec\/v3\/wp-json\/wp\/v2\/posts\/4028","targetHints":{"allow":["GET"]}}],"collection":[{"href":"https:\/\/pelileo.gob.ec\/v3\/wp-json\/wp\/v2\/posts"}],"about":[{"href":"https:\/\/pelileo.gob.ec\/v3\/wp-json\/wp\/v2\/types\/post"}],"author":[{"embeddable":true,"href":"https:\/\/pelileo.gob.ec\/v3\/wp-json\/wp\/v2\/users\/1"}],"replies":[{"embeddable":true,"href":"https:\/\/pelileo.gob.ec\/v3\/wp-json\/wp\/v2\/comments?post=4028"}],"version-history":[{"count":2,"href":"https:\/\/pelileo.gob.ec\/v3\/wp-json\/wp\/v2\/posts\/4028\/revisions"}],"predecessor-version":[{"id":4031,"href":"https:\/\/pelileo.gob.ec\/v3\/wp-json\/wp\/v2\/posts\/4028\/revisions\/4031"}],"wp:featuredmedia":[{"embeddable":true,"href":"https:\/\/pelileo.gob.ec\/v3\/wp-json\/wp\/v2\/media\/4029"}],"wp:attachment":[{"href":"https:\/\/pelileo.gob.ec\/v3\/wp-json\/wp\/v2\/media?parent=4028"}],"wp:term":[{"taxonomy":"category","embeddable":true,"href":"https:\/\/pelileo.gob.ec\/v3\/wp-json\/wp\/v2\/categories?post=4028"},{"taxonomy":"post_tag","embeddable":true,"href":"https:\/\/pelileo.gob.ec\/v3\/wp-json\/wp\/v2\/tags?post=4028"}],"curies":[{"name":"wp","href":"https:\/\/api.w.org\/{rel}","templated":true}]}}