{"id":4032,"date":"2025-10-27T08:52:44","date_gmt":"2025-10-27T13:52:44","guid":{"rendered":"https:\/\/pelileo.gob.ec\/v3\/?p=4032"},"modified":"2025-10-27T08:52:44","modified_gmt":"2025-10-27T13:52:44","slug":"se-levanta-estudio-para-el-cambio-de-redes-de-alcantarillado-en-benitez","status":"publish","type":"post","link":"https:\/\/pelileo.gob.ec\/v3\/se-levanta-estudio-para-el-cambio-de-redes-de-alcantarillado-en-benitez\/","title":{"rendered":"Se levanta estudio para el cambio de redes de alcantarillado en Benitez"},"content":{"rendered":"\n<p>En <a><\/a>medio de la alegr\u00eda de directivos y usuarios de la Junta Administradora de Agua Potable y Saneamiento de la parroquia Ben\u00edtez, se llev\u00f3 a cabo el proceso de socializaci\u00f3n para el inicio del proyecto de \u201cConsultor\u00eda y estudios del proyecto de cambio de redes principales de la parroquia Ben\u00edtez\u201d.<\/p>\n\n\n\n<p>Durante la Asamblea de usuarios, t\u00e9cnicos de la Direcci\u00f3n de Agua Potable del GAD municipal, present\u00f3 al equipo consultor encargado en la elaboraci\u00f3n del estudio de alcantarillado pluvial, sanitario, planta de tratamiento y descarga para el casco urbano parroquial, lo que permitir\u00e1 su ejecuci\u00f3n posterior para beneficio de m\u00e1s de 1.200 usuarios.<\/p>\n","protected":false},"excerpt":{"rendered":"<p>En medio de la alegr\u00eda de directivos y usuarios de&hellip; <\/p>\n","protected":false},"author":1,"featured_media":4033,"comment_status":"closed","ping_status":"closed","sticky":false,"template":"","format":"standard","meta":{"footnotes":""},"categories":[47,48,9],"tags":[],"class_list":["post-4032","post","type-post","status-publish","format-standard","has-post-thumbnail","hentry","category-noticias","category-obras","category-slider"],"_links":{"self":[{"href":"https:\/\/pelileo.gob.ec\/v3\/wp-json\/wp\/v2\/posts\/4032","targetHints":{"allow":["GET"]}}],"collection":[{"href":"https:\/\/pelileo.gob.ec\/v3\/wp-json\/wp\/v2\/posts"}],"about":[{"href":"https:\/\/pelileo.gob.ec\/v3\/wp-json\/wp\/v2\/types\/post"}],"author":[{"embeddable":true,"href":"https:\/\/pelileo.gob.ec\/v3\/wp-json\/wp\/v2\/users\/1"}],"replies":[{"embeddable":true,"href":"https:\/\/pelileo.gob.ec\/v3\/wp-json\/wp\/v2\/comments?post=4032"}],"version-history":[{"count":1,"href":"https:\/\/pelileo.gob.ec\/v3\/wp-json\/wp\/v2\/posts\/4032\/revisions"}],"predecessor-version":[{"id":4034,"href":"https:\/\/pelileo.gob.ec\/v3\/wp-json\/wp\/v2\/posts\/4032\/revisions\/4034"}],"wp:featuredmedia":[{"embeddable":true,"href":"https:\/\/pelileo.gob.ec\/v3\/wp-json\/wp\/v2\/media\/4033"}],"wp:attachment":[{"href":"https:\/\/pelileo.gob.ec\/v3\/wp-json\/wp\/v2\/media?parent=4032"}],"wp:term":[{"taxonomy":"category","embeddable":true,"href":"https:\/\/pelileo.gob.ec\/v3\/wp-json\/wp\/v2\/categories?post=4032"},{"taxonomy":"post_tag","embeddable":true,"href":"https:\/\/pelileo.gob.ec\/v3\/wp-json\/wp\/v2\/tags?post=4032"}],"curies":[{"name":"wp","href":"https:\/\/api.w.org\/{rel}","templated":true}]}}