{"id":4051,"date":"2025-11-14T11:04:26","date_gmt":"2025-11-14T16:04:26","guid":{"rendered":"https:\/\/pelileo.gob.ec\/v3\/?p=4051"},"modified":"2025-11-14T11:28:34","modified_gmt":"2025-11-14T16:28:34","slug":"%f0%9d%90%80%f0%9d%90%9c%f0%9d%90%9e%f0%9d%90%ab%f0%9d%90%9a%f0%9d%90%ac-%f0%9d%90%b2-%f0%9d%90%9b%f0%9d%90%a8%f0%9d%90%ab%f0%9d%90%9d%f0%9d%90%a2%f0%9d%90%a5%f0%9d%90%a5%f0%9d%90%a8%f0%9d%90%ac","status":"publish","type":"post","link":"https:\/\/pelileo.gob.ec\/v3\/%f0%9d%90%80%f0%9d%90%9c%f0%9d%90%9e%f0%9d%90%ab%f0%9d%90%9a%f0%9d%90%ac-%f0%9d%90%b2-%f0%9d%90%9b%f0%9d%90%a8%f0%9d%90%ab%f0%9d%90%9d%f0%9d%90%a2%f0%9d%90%a5%f0%9d%90%a5%f0%9d%90%a8%f0%9d%90%ac\/","title":{"rendered":"\ud835\udc00\ud835\udc1c\ud835\udc1e\ud835\udc2b\ud835\udc1a\ud835\udc2c \ud835\udc32 \ud835\udc1b\ud835\udc28\ud835\udc2b\ud835\udc1d\ud835\udc22\ud835\udc25\ud835\udc25\ud835\udc28\ud835\udc2c \ud835\udc1b\ud835\udc2b\ud835\udc22\ud835\udc27\ud835\udc1d\ud835\udc1a\ud835\udc27 \ud835\udc2c\ud835\udc1e\ud835\udc20\ud835\udc2e\ud835\udc2b\ud835\udc22\ud835\udc1d\ud835\udc1a\ud835\udc1d \ud835\udc1e\ud835\udc27 \ud835\udc2f\u00ed\ud835\udc1a \ud835\udc1a \ud835\udc0e\ud835\udc25\ud835\udc26\ud835\udc1e\ud835\udc1d\ud835\udc28"},"content":{"rendered":"\n<p>Ahora los habitantes del caser\u00edo Olmedo <a><\/a>caminan con seguridad por las aceras que fueron construidas en la v\u00eda principal de ingreso a la comunidad, sin el constante riesgo que constitu\u00eda el hacerlo el caminar por la calzada.<\/p>\n\n\n\n<p>\u201cEsta obra a m\u00e1s de brindar un espacio seguro para la movilizaci\u00f3n, cuenta adem\u00e1s con cunetas para el desalojo de aguas lluvias y el revestimiento de tuber\u00edas e infraestructura de agua de regad\u00edo con sus respectivas cajas de distribuci\u00f3n\u201d, explic\u00f3 el alcalde Dr. Gabriel Z\u00fa\u00f1iga al entregar oficialmente esta infraestructura para servicio de la poblaci\u00f3n.<\/p>\n\n\n\n<p><\/p>\n","protected":false},"excerpt":{"rendered":"<p>Ahora los habitantes del caser\u00edo Olmedo caminan con seguridad por&hellip; <\/p>\n","protected":false},"author":1,"featured_media":4052,"comment_status":"closed","ping_status":"closed","sticky":false,"template":"","format":"standard","meta":{"footnotes":""},"categories":[47,48,9],"tags":[],"class_list":["post-4051","post","type-post","status-publish","format-standard","has-post-thumbnail","hentry","category-noticias","category-obras","category-slider"],"_links":{"self":[{"href":"https:\/\/pelileo.gob.ec\/v3\/wp-json\/wp\/v2\/posts\/4051","targetHints":{"allow":["GET"]}}],"collection":[{"href":"https:\/\/pelileo.gob.ec\/v3\/wp-json\/wp\/v2\/posts"}],"about":[{"href":"https:\/\/pelileo.gob.ec\/v3\/wp-json\/wp\/v2\/types\/post"}],"author":[{"embeddable":true,"href":"https:\/\/pelileo.gob.ec\/v3\/wp-json\/wp\/v2\/users\/1"}],"replies":[{"embeddable":true,"href":"https:\/\/pelileo.gob.ec\/v3\/wp-json\/wp\/v2\/comments?post=4051"}],"version-history":[{"count":7,"href":"https:\/\/pelileo.gob.ec\/v3\/wp-json\/wp\/v2\/posts\/4051\/revisions"}],"predecessor-version":[{"id":4064,"href":"https:\/\/pelileo.gob.ec\/v3\/wp-json\/wp\/v2\/posts\/4051\/revisions\/4064"}],"wp:featuredmedia":[{"embeddable":true,"href":"https:\/\/pelileo.gob.ec\/v3\/wp-json\/wp\/v2\/media\/4052"}],"wp:attachment":[{"href":"https:\/\/pelileo.gob.ec\/v3\/wp-json\/wp\/v2\/media?parent=4051"}],"wp:term":[{"taxonomy":"category","embeddable":true,"href":"https:\/\/pelileo.gob.ec\/v3\/wp-json\/wp\/v2\/categories?post=4051"},{"taxonomy":"post_tag","embeddable":true,"href":"https:\/\/pelileo.gob.ec\/v3\/wp-json\/wp\/v2\/tags?post=4051"}],"curies":[{"name":"wp","href":"https:\/\/api.w.org\/{rel}","templated":true}]}}