{"id":4277,"date":"2026-06-11T11:24:09","date_gmt":"2026-06-11T16:24:09","guid":{"rendered":"https:\/\/pelileo.gob.ec\/v3\/?p=4277"},"modified":"2026-06-22T17:12:39","modified_gmt":"2026-06-22T22:12:39","slug":"2025-2","status":"publish","type":"post","link":"https:\/\/pelileo.gob.ec\/v3\/2025-2\/","title":{"rendered":"2025"},"content":{"rendered":"\n<p class=\"has-text-align-center has-large-font-size wp-block-paragraph\"><strong>RENDICI\u00d3N DE CUENTAS 2025<\/strong><\/p>\n\n\n<div class=\"wp-block-image\">\n<figure class=\"aligncenter size-large is-resized\"><img fetchpriority=\"high\" decoding=\"async\" width=\"1024\" height=\"819\" src=\"https:\/\/pelileo.gob.ec\/v3\/wp-content\/uploads\/2026\/06\/IMG_3178.jpg-1-1024x819.jpeg\" alt=\"\" class=\"wp-image-4283\" style=\"width:374px;height:auto\" srcset=\"https:\/\/pelileo.gob.ec\/v3\/wp-content\/uploads\/2026\/06\/IMG_3178.jpg-1-1024x819.jpeg 1024w, https:\/\/pelileo.gob.ec\/v3\/wp-content\/uploads\/2026\/06\/IMG_3178.jpg-1-300x240.jpeg 300w, https:\/\/pelileo.gob.ec\/v3\/wp-content\/uploads\/2026\/06\/IMG_3178.jpg-1-768x614.jpeg 768w, https:\/\/pelileo.gob.ec\/v3\/wp-content\/uploads\/2026\/06\/IMG_3178.jpg-1-1536x1229.jpeg 1536w, https:\/\/pelileo.gob.ec\/v3\/wp-content\/uploads\/2026\/06\/IMG_3178.jpg-1.jpeg 2048w\" sizes=\"(max-width: 1024px) 100vw, 1024px\" \/><\/figure>\n<\/div>\n\n\n<blockquote class=\"wp-block-quote is-layout-flow wp-block-quote-is-layout-flow\">\n<p class=\"has-text-align-center has-medium-font-size wp-block-paragraph\"><strong>DR. <\/strong>GABRIEL ZU\u00d1IGA SILVA <br><strong>ALCALDE GAD SAN PEDRO DE PELILEO<\/strong><\/p>\n\n\n\n<div class=\"wp-block-columns is-layout-flex wp-container-core-columns-is-layout-8f761849 wp-block-columns-is-layout-flex\">\n<div class=\"wp-block-column is-layout-flow wp-block-column-is-layout-flow\">\n<div class=\"wp-block-columns is-layout-flex wp-container-core-columns-is-layout-8f761849 wp-block-columns-is-layout-flex\">\n<div class=\"wp-block-column is-layout-flow wp-block-column-is-layout-flow\">\n<p class=\"has-text-align-center has-black-color has-text-color has-link-color wp-elements-1 wp-block-paragraph\"><strong>FASE 1<\/strong><\/p>\n\n\n\n<p class=\"has-vivid-red-color has-text-color has-link-color has-small-font-size wp-elements-2 wp-block-paragraph\"><strong>Planificaci\u00f3n y facilitaci\u00f3n del proceso.<\/strong><\/p>\n\n\n\n<p class=\"has-black-color has-text-color has-link-color has-small-font-size wp-elements-3 wp-block-paragraph\"><strong>Organizaci\u00f3n del Proceso<\/strong><\/p>\n\n\n\n<div class=\"wp-block-group\"><div class=\"wp-block-group__inner-container is-layout-constrained wp-block-group-is-layout-constrained\">\n<ul class=\"wp-block-list has-vivid-cyan-blue-color has-text-color has-link-color wp-elements-4\">\n<li class=\"has-vivid-cyan-blue-color has-text-color has-link-color wp-elements-5\"><a href=\"https:\/\/pelileo.gob.ec\/v3\/wp-content\/uploads\/2026\/06\/REGISTRO-OFICIAL-TERCERA-REFORMA-ORDNANZA-PDOT-Y-PUGS-20233-1.pdf\" data-type=\"link\" data-id=\"https:\/\/pelileo.gob.ec\/v3\/wp-content\/uploads\/2026\/06\/REGISTRO-OFICIAL-TERCERA-REFORMA-ORDNANZA-PDOT-Y-PUGS-20233-1.pdf\">PDOT<\/a><\/li>\n\n\n\n<li class=\"has-vivid-cyan-blue-color has-text-color has-link-color wp-elements-6\"><a href=\"https:\/\/pelileo.gob.ec\/v3\/wp-content\/uploads\/2026\/06\/POA-GAD-MUNICIPAL-PELILEO-2025.pdf\" data-type=\"link\" data-id=\"https:\/\/pelileo.gob.ec\/v3\/wp-content\/uploads\/2026\/06\/REGISTRO-OFICIAL-TERCERA-REFORMA-ORDNANZA-PDOT-Y-PUGS-20233-1.pdf\">POA<\/a><\/li>\n\n\n\n<li class=\"has-vivid-cyan-blue-color has-text-color has-link-color wp-elements-7\"><a href=\"https:\/\/pelileo.gob.ec\/v3\/wp-content\/uploads\/2026\/06\/CEDULA-DE-GASTO-2025.pdf\" data-type=\"link\" data-id=\"https:\/\/pelileo.gob.ec\/v3\/wp-content\/uploads\/2026\/06\/REGISTRO-OFICIAL-TERCERA-REFORMA-ORDNANZA-PDOT-Y-PUGS-20233-1.pdf\">PRESUPUESTO<\/a><\/li>\n\n\n\n<li class=\"has-vivid-cyan-blue-color has-text-color has-link-color wp-elements-8\"><a href=\"https:\/\/pelileo.gob.ec\/v3\/wp-content\/uploads\/2026\/06\/Plan-Trabajo-Gabriel-Zuniga.pdf\" data-type=\"link\" data-id=\"https:\/\/pelileo.gob.ec\/v3\/wp-content\/uploads\/2026\/06\/REGISTRO-OFICIAL-TERCERA-REFORMA-ORDNANZA-PDOT-Y-PUGS-20233-1.pdf\">PLAN DE TRABAJO<\/a><\/li>\n<\/ul>\n<\/div><\/div>\n\n\n\n<p class=\"has-black-color has-text-color has-link-color has-small-font-size wp-elements-9 wp-block-paragraph\"><strong>Consulta Ciudadana<\/strong><\/p>\n\n\n\n<ul class=\"wp-block-list\">\n<li class=\"has-vivid-cyan-blue-color has-text-color has-link-color has-small-font-size wp-elements-10\"><a href=\"https:\/\/pelileo.gob.ec\/v3\/wp-content\/uploads\/2026\/06\/Temas-de-consulta-ciudadana.pdf\">Temas de consulta ciudadana<\/a> <\/li>\n\n\n\n<li class=\"has-black-color has-text-color has-link-color has-small-font-size wp-elements-11\">Conformaci\u00f3n de Equipos de Trabajo<\/li>\n<\/ul>\n<\/div>\n\n\n\n<div class=\"wp-block-column is-layout-flow wp-block-column-is-layout-flow\">\n<p class=\"has-text-align-center has-black-color has-text-color has-link-color wp-elements-12 wp-block-paragraph\"><strong>FASE 2<\/strong><\/p>\n\n\n\n<p class=\"has-vivid-red-color has-text-color has-link-color has-small-font-size wp-elements-13 wp-block-paragraph\"><strong>Evaluaci\u00f3n de la gesti\u00f3n y elaboraci\u00f3n del Informe de Rendici\u00f3n de Cuentas.<\/strong><\/p>\n\n\n\n<p class=\"has-black-color has-text-color has-link-color has-small-font-size wp-elements-14 wp-block-paragraph\"><strong>Evaluaci\u00f3n de la Gestion Institucional<\/strong><\/p>\n\n\n\n<ul class=\"wp-block-list\">\n<li class=\"has-vivid-cyan-blue-color has-text-color has-link-color has-small-font-size wp-elements-15\"><a href=\"https:\/\/pelileo.gob.ec\/v3\/wp-content\/uploads\/2026\/06\/RENDICON-DE-CUENTAS-2025.pdf\">Informe de Rendici\u00f3n de Cuentas 2025<\/a><\/li>\n<\/ul>\n\n\n\n<p class=\"has-black-color has-text-color has-link-color has-small-font-size wp-elements-16 wp-block-paragraph\"><strong><strong>Llenado del formulario del CPCCS<\/strong><\/strong><\/p>\n\n\n\n<ul class=\"wp-block-list\">\n<li class=\"has-vivid-cyan-blue-color has-text-color has-link-color has-small-font-size wp-elements-17\"><a href=\"https:\/\/pelileo.gob.ec\/v3\/wp-content\/uploads\/2026\/06\/INFORME-APROBADO-POR-LA-MAXIMA-AUTORIDAD.pdf\">Informe Aprobado por la M\u00e1xima Autoridad<\/a><\/li>\n\n\n\n<li class=\"has-vivid-cyan-blue-color has-text-color has-link-color has-small-font-size wp-elements-18\"><a href=\"https:\/\/pelileo.gob.ec\/v3\/wp-content\/uploads\/2026\/06\/Entrega-previa-del-informe-a-la-Asamblea.-Ciudadana-o-quien-haga-sus-veces.pdf\">Entrega previa del informe a la Asamblea. Ciudadana o quien haga sus veces.<\/a><\/li>\n<\/ul>\n<\/div>\n<\/div>\n<\/div>\n\n\n\n<div class=\"wp-block-column is-layout-flow wp-block-column-is-layout-flow\">\n<div class=\"wp-block-columns is-layout-flex wp-container-core-columns-is-layout-8f761849 wp-block-columns-is-layout-flex\">\n<div class=\"wp-block-column is-layout-flow wp-block-column-is-layout-flow\">\n<p class=\"has-text-align-center has-black-color has-text-color has-link-color wp-elements-19 wp-block-paragraph\">F<strong>ASE 3<\/strong><\/p>\n\n\n\n<p class=\"has-vivid-red-color has-text-color has-link-color has-small-font-size wp-elements-20 wp-block-paragraph\"><strong>Deliberaci\u00f3n p\u00fablica y evaluaci\u00f3n ciudadana del Informe de Rendici\u00f3n de Cuentas.<\/strong><\/p>\n\n\n\n<p class=\"has-black-color has-text-color has-link-color has-small-font-size wp-elements-21 wp-block-paragraph\"><strong>Evaluaci\u00f3n del informe de Rendici\u00f3n de Cuentas<\/strong><\/p>\n\n\n\n<p class=\"has-black-color has-text-color has-link-color has-small-font-size wp-elements-22 wp-block-paragraph\"><strong>Difusi\u00f3n previa del\u00a0Informe\u00a0de Rendici\u00f3n de Cuentas.<\/strong> <\/p>\n\n\n\n<ul class=\"wp-block-list\">\n<li class=\"has-vivid-cyan-blue-color has-text-color has-link-color has-small-font-size wp-elements-23\"><a href=\"https:\/\/pelileo.gob.ec\/v3\/wp-content\/uploads\/2026\/06\/RENDICION-CUENTAS-2025.pdf\">Link de verificaci\u00f3n<\/a><\/li>\n<\/ul>\n\n\n\n<p class=\"has-black-color has-text-color has-link-color has-small-font-size wp-elements-24 wp-block-paragraph\"><strong>Convocatoria\u00a0a la deliberaci\u00f3n p\u00fablica<\/strong> <\/p>\n\n\n\n<ul class=\"wp-block-list\">\n<li class=\"has-vivid-cyan-blue-color has-text-color has-link-color has-small-font-size wp-elements-25\">Link de Verificacion<\/li>\n<\/ul>\n\n\n\n<p class=\"has-black-color has-text-color has-link-color has-small-font-size wp-elements-26 wp-block-paragraph\"><strong>Deliberaci\u00f3n p\u00fablica y evaluaci\u00f3n ciudadana.<\/strong><\/p>\n\n\n\n<ul class=\"wp-block-list\">\n<li class=\"has-vivid-cyan-blue-color has-text-color has-link-color has-small-font-size wp-elements-27\"><a href=\"https:\/\/pelileo.gob.ec\/v3\/wp-content\/uploads\/2026\/06\/Registro-de-asistencia-evento-de-rendicion-de-cuentas.pdf\">Registro de Participantes <\/a><\/li>\n\n\n\n<li class=\"has-vivid-cyan-blue-color has-text-color has-link-color has-small-font-size wp-elements-28\"><a href=\"https:\/\/pelileo-my.sharepoint.com\/:b:\/g\/personal\/analistadetics3_pelileo_gob_ec\/ERIdgr2-LuhKs8Z6BtBpNvsBjYjJm5dE7j7GLxBdx3CcKw?e=hTWBPy\">Opiniones y valoraciones presentadas en la deliberaci\u00f3n p\u00fablica. <\/a><\/li>\n\n\n\n<li class=\"has-vivid-cyan-blue-color has-text-color has-link-color wp-elements-29\"><a href=\"https:\/\/www.facebook.com\/reel\/4504536726442373\" data-type=\"link\" data-id=\"https:\/\/www.facebook.com\/reel\/4504536726442373\">Video<\/a><\/li>\n<\/ul>\n<\/div>\n\n\n\n<div class=\"wp-block-column is-layout-flow wp-block-column-is-layout-flow\">\n<p class=\"has-text-align-center has-black-color has-text-color has-link-color wp-elements-30 wp-block-paragraph\"><strong>FASE 4 <\/strong><\/p>\n\n\n\n<p class=\"has-vivid-red-color has-text-color has-link-color has-small-font-size wp-elements-31 wp-block-paragraph\"><strong>Incorporaci\u00f3n de la opini\u00f3n ciudadana, retroalimentaci\u00f3n y seguimiento.<\/strong><\/p>\n\n\n\n<p class=\"has-black-color has-text-color has-link-color has-small-font-size wp-elements-32 wp-block-paragraph\"><strong>Incorporaci\u00f3n de la opini\u00f3n ciudadana<\/strong><\/p>\n\n\n\n<ul class=\"wp-block-list\">\n<li class=\"has-black-color has-text-color has-link-color has-small-font-size wp-elements-33\">Elaboracion del Plan de Trabajo<\/li>\n<\/ul>\n\n\n\n<p class=\"has-black-color has-text-color has-link-color has-small-font-size wp-elements-34 wp-block-paragraph\"><strong>Entrega del Informe de Rendici\u00f3n de Cuentas al CPCCS.<\/strong><\/p>\n<\/div>\n<\/div>\n<\/div>\n<\/div>\n<\/blockquote>\n\n\n\n<p class=\"wp-block-paragraph\"><\/p>\n","protected":false},"excerpt":{"rendered":"<p>RENDICI\u00d3N DE CUENTAS 2025<\/p>\n","protected":false},"author":1,"featured_media":0,"comment_status":"open","ping_status":"closed","sticky":false,"template":"","format":"standard","meta":{"footnotes":""},"categories":[1],"tags":[],"class_list":["post-4277","post","type-post","status-publish","format-standard","hentry","category-sin-categoria"],"_links":{"self":[{"href":"https:\/\/pelileo.gob.ec\/v3\/wp-json\/wp\/v2\/posts\/4277","targetHints":{"allow":["GET"]}}],"collection":[{"href":"https:\/\/pelileo.gob.ec\/v3\/wp-json\/wp\/v2\/posts"}],"about":[{"href":"https:\/\/pelileo.gob.ec\/v3\/wp-json\/wp\/v2\/types\/post"}],"author":[{"embeddable":true,"href":"https:\/\/pelileo.gob.ec\/v3\/wp-json\/wp\/v2\/users\/1"}],"replies":[{"embeddable":true,"href":"https:\/\/pelileo.gob.ec\/v3\/wp-json\/wp\/v2\/comments?post=4277"}],"version-history":[{"count":11,"href":"https:\/\/pelileo.gob.ec\/v3\/wp-json\/wp\/v2\/posts\/4277\/revisions"}],"predecessor-version":[{"id":4312,"href":"https:\/\/pelileo.gob.ec\/v3\/wp-json\/wp\/v2\/posts\/4277\/revisions\/4312"}],"wp:attachment":[{"href":"https:\/\/pelileo.gob.ec\/v3\/wp-json\/wp\/v2\/media?parent=4277"}],"wp:term":[{"taxonomy":"category","embeddable":true,"href":"https:\/\/pelileo.gob.ec\/v3\/wp-json\/wp\/v2\/categories?post=4277"},{"taxonomy":"post_tag","embeddable":true,"href":"https:\/\/pelileo.gob.ec\/v3\/wp-json\/wp\/v2\/tags?post=4277"}],"curies":[{"name":"wp","href":"https:\/\/api.w.org\/{rel}","templated":true}]}}