{"id":577,"date":"2021-03-08T14:58:25","date_gmt":"2021-03-08T14:58:25","guid":{"rendered":"http:\/\/localhost\/pelileo\/?p=577"},"modified":"2022-12-02T09:15:08","modified_gmt":"2022-12-02T14:15:08","slug":"mision-y-vision","status":"publish","type":"post","link":"https:\/\/pelileo.gob.ec\/v3\/mision-y-vision\/","title":{"rendered":"Misi\u00f3n y Visi\u00f3n"},"content":{"rendered":"\n<p><strong>Misi\u00f3n<\/strong><\/p>\n\n\n\n<p>El GAD Municipal de San Pedro de Pelileo, impulsa el desarrollo sostenible del cant\u00f3n y el mejoramiento integral y equitativo de las condiciones de vida de sus habitantes a trav\u00e9s de una administraci\u00f3n p\u00fablica eficiente, inclusiva, abierta y participativa.<\/p>\n\n\n\n<p>\u00a0<\/p>\n\n\n\n<p><strong>Visi\u00f3n<\/strong><\/p>\n\n\n\n<p>Al 2026 el GAD Municipal de Pelileo se consolidar\u00e1 como un modelo de gobierno abierto, eficiente e innovador referente en la provincia y el pa\u00eds por la implementaci\u00f3n de iniciativas de desarrollo que garanticen el cierre de brechas socioecon\u00f3micas, los derechos de los ciudadanos y ciudadanas, as\u00ed como del ambiente; y la creaci\u00f3n de oportunidades para la poblaci\u00f3n pelilen\u0303a.<\/p>\n","protected":false},"excerpt":{"rendered":"<p>Misi\u00f3n El GAD Municipal de San Pedro de Pelileo, impulsa&hellip; <\/p>\n","protected":false},"author":1,"featured_media":1050,"comment_status":"closed","ping_status":"closed","sticky":false,"template":"","format":"standard","meta":{"footnotes":""},"categories":[27],"tags":[],"class_list":["post-577","post","type-post","status-publish","format-standard","has-post-thumbnail","hentry","category-sitioweb"],"_links":{"self":[{"href":"https:\/\/pelileo.gob.ec\/v3\/wp-json\/wp\/v2\/posts\/577","targetHints":{"allow":["GET"]}}],"collection":[{"href":"https:\/\/pelileo.gob.ec\/v3\/wp-json\/wp\/v2\/posts"}],"about":[{"href":"https:\/\/pelileo.gob.ec\/v3\/wp-json\/wp\/v2\/types\/post"}],"author":[{"embeddable":true,"href":"https:\/\/pelileo.gob.ec\/v3\/wp-json\/wp\/v2\/users\/1"}],"replies":[{"embeddable":true,"href":"https:\/\/pelileo.gob.ec\/v3\/wp-json\/wp\/v2\/comments?post=577"}],"version-history":[{"count":4,"href":"https:\/\/pelileo.gob.ec\/v3\/wp-json\/wp\/v2\/posts\/577\/revisions"}],"predecessor-version":[{"id":2097,"href":"https:\/\/pelileo.gob.ec\/v3\/wp-json\/wp\/v2\/posts\/577\/revisions\/2097"}],"wp:featuredmedia":[{"embeddable":true,"href":"https:\/\/pelileo.gob.ec\/v3\/wp-json\/wp\/v2\/media\/1050"}],"wp:attachment":[{"href":"https:\/\/pelileo.gob.ec\/v3\/wp-json\/wp\/v2\/media?parent=577"}],"wp:term":[{"taxonomy":"category","embeddable":true,"href":"https:\/\/pelileo.gob.ec\/v3\/wp-json\/wp\/v2\/categories?post=577"},{"taxonomy":"post_tag","embeddable":true,"href":"https:\/\/pelileo.gob.ec\/v3\/wp-json\/wp\/v2\/tags?post=577"}],"curies":[{"name":"wp","href":"https:\/\/api.w.org\/{rel}","templated":true}]}}